{"id":151691,"date":"2026-09-02T05:17:53","date_gmt":"2026-09-02T05:17:53","guid":{"rendered":"https:\/\/elobservadorzonanorte.com.mx\/?p=151691"},"modified":"2026-09-02T05:17:54","modified_gmt":"2026-09-02T05:17:54","slug":"hay-cosas-que-valen-mas-que-cualquier-obra-el-carino-de-nuestra-gente","status":"publish","type":"post","link":"https:\/\/elobservadorzonanorte.com.mx\/?p=151691","title":{"rendered":"Hay cosas que valen m\u00e1s que cualquier obra: el cari\u00f1o de nuestra gente"},"content":{"rendered":"<p><iframe loading=\"lazy\" src=\"https:\/\/www.facebook.com\/plugins\/video.php?height=476&#038;href=https%3A%2F%2Fwww.facebook.com%2Freel%2F1071298971976575%2F&#038;show_text=false&#038;width=267&#038;t=0\" width=\"267\" height=\"476\" style=\"border:none;overflow:hidden\" scrolling=\"no\" frameborder=\"0\" allowfullscreen=\"true\" allow=\"autoplay; clipboard-write; encrypted-media; picture-in-picture; web-share\" allowFullScreen=\"true\"><\/iframe><\/p>\n\n\n\n<p class=\"wp-block-paragraph\">Ayer en Madero, adem\u00e1s de trabajar, nos toc\u00f3 convivir, compartir la mesa y disfrutar de esos momentos que uno se lleva en el coraz\u00f3n. <img decoding=\"async\" height=\"16\" width=\"16\" alt=\"\ud83d\ude4f\ud83c\udffc\" src=\"https:\/\/static.xx.fbcdn.net\/images\/emoji.php\/v9\/t7c\/1\/16\/1f64f_1f3fc.png\"><\/p>\n\n\n\n<p class=\"wp-block-paragraph\">\u00a1Feliz martes y excelente inicio de septiembre para todos!<\/p>\n\n\n\n<p class=\"wp-block-paragraph\"><a href=\"https:\/\/www.facebook.com\/perico.ramirez.7?__cft__[0]=AZgiNpLQzR0PTKqXJEOgv4Uz0KY-cjI936Xl54gFi5bVNhaevWVA6rRNn4cyPHRwo_8UDyXUgXkO4mkZkMneFLpDjzQkhIA1pXwoO5k9xJQIPQH35HIIkRfUliX1Q08Evh1PBKYAlQSYRYfaLfjID-H6O6EpnxUQx8QyvJCTCsM_ehTB-JrZ8e8qBJeMrpZe9eD8&amp;__tn__=-]K-R\" target=\"_blank\" rel=\"noopener\">Pedro Ramirez<\/a><\/p>\n\n\n\n<p class=\"wp-block-paragraph\">Presidente municipal de Reforma<\/p>\n\n\n\n<p class=\"wp-block-paragraph\">Ver menos<\/p>\n\n\n\n<figure class=\"wp-block-video\"><\/figure>\n","protected":false},"excerpt":{"rendered":"<p>Ayer en Madero, adem\u00e1s de trabajar, nos toc\u00f3 convivir, compartir la mesa y disfrutar de esos momentos que uno se lleva en el coraz\u00f3n. \u00a1Feliz martes y excelente inicio de septiembre para todos! Pedro Ramirez Presidente municipal de Reforma Ver menos<\/p>\n","protected":false},"author":1,"featured_media":0,"comment_status":"closed","ping_status":"closed","sticky":false,"template":"","format":"standard","meta":{"footnotes":""},"categories":[1],"tags":[],"class_list":["post-151691","post","type-post","status-publish","format-standard","hentry","category-general"],"_links":{"self":[{"href":"https:\/\/elobservadorzonanorte.com.mx\/index.php?rest_route=\/wp\/v2\/posts\/151691","targetHints":{"allow":["GET"]}}],"collection":[{"href":"https:\/\/elobservadorzonanorte.com.mx\/index.php?rest_route=\/wp\/v2\/posts"}],"about":[{"href":"https:\/\/elobservadorzonanorte.com.mx\/index.php?rest_route=\/wp\/v2\/types\/post"}],"author":[{"embeddable":true,"href":"https:\/\/elobservadorzonanorte.com.mx\/index.php?rest_route=\/wp\/v2\/users\/1"}],"replies":[{"embeddable":true,"href":"https:\/\/elobservadorzonanorte.com.mx\/index.php?rest_route=%2Fwp%2Fv2%2Fcomments&post=151691"}],"version-history":[{"count":1,"href":"https:\/\/elobservadorzonanorte.com.mx\/index.php?rest_route=\/wp\/v2\/posts\/151691\/revisions"}],"predecessor-version":[{"id":151719,"href":"https:\/\/elobservadorzonanorte.com.mx\/index.php?rest_route=\/wp\/v2\/posts\/151691\/revisions\/151719"}],"wp:attachment":[{"href":"https:\/\/elobservadorzonanorte.com.mx\/index.php?rest_route=%2Fwp%2Fv2%2Fmedia&parent=151691"}],"wp:term":[{"taxonomy":"category","embeddable":true,"href":"https:\/\/elobservadorzonanorte.com.mx\/index.php?rest_route=%2Fwp%2Fv2%2Fcategories&post=151691"},{"taxonomy":"post_tag","embeddable":true,"href":"https:\/\/elobservadorzonanorte.com.mx\/index.php?rest_route=%2Fwp%2Fv2%2Ftags&post=151691"}],"curies":[{"name":"wp","href":"https:\/\/api.w.org\/{rel}","templated":true}]}}