{"id":151690,"date":"2026-09-02T05:18:35","date_gmt":"2026-09-02T05:18:35","guid":{"rendered":"https:\/\/elobservadorzonanorte.com.mx\/?p=151690"},"modified":"2026-09-02T05:18:35","modified_gmt":"2026-09-02T05:18:35","slug":"septiembre-mes-de-la-patria-inicia-reafirmando-el-orgullo-por-nuestra-historia-nuestros-simbolos-y-los-valores-que-nos-unen-como-nacion","status":"publish","type":"post","link":"https:\/\/elobservadorzonanorte.com.mx\/?p=151690","title":{"rendered":"Septiembre, mes de la patria, inicia reafirmando el orgullo por nuestra historia, nuestros s\u00edmbolos y los valores que nos unen como naci\u00f3n."},"content":{"rendered":"\n<figure class=\"wp-block-image size-full\"><img decoding=\"async\" width=\"590\" height=\"394\" src=\"https:\/\/elobservadorzonanorte.com.mx\/wp-content\/uploads\/2026\/09\/imagen-38.png\" alt=\"\" class=\"wp-image-151722\" srcset=\"https:\/\/elobservadorzonanorte.com.mx\/wp-content\/uploads\/2026\/09\/imagen-38.png 590w, https:\/\/elobservadorzonanorte.com.mx\/wp-content\/uploads\/2026\/09\/imagen-38-300x200.png 300w\" sizes=\"(max-width: 590px) 100vw, 590px\" \/><\/figure>\n\n\n\n<p class=\"wp-block-paragraph\">En representaci\u00f3n del gobernador Eduardo Ram\u00edrez, la secretaria general de Gobierno y Mediaci\u00f3n, <a href=\"https:\/\/www.facebook.com\/dulce.rodriguezovando?__cft__[0]=AZhnL-C-oocAN1g4YTGgaNlF9oCOK6whGibVSyYzKlMd1exk6zL7VdRZj7L0itjxUIxK8YnCXNdIx5hd_2IDTe6I_ETEWEfHfgiS_EMrVJeM8bA3BvW9JtSfdX0CCCmPV6SrDvnzuuC8thQtRU-VOMCRZ16RTrNLJt6uW-5U8LjgNuJLQgPkM6Gv9vE&amp;__tn__=-]K-R\" target=\"_blank\" rel=\"noopener\">Dulce Rodr\u00edguez Ovando<\/a>, particip\u00f3 en la Ceremonia de Izamiento y Honores a la Bandera realizada en San Crist\u00f3bal de Las Casas.<\/p>\n","protected":false},"excerpt":{"rendered":"<p>En representaci\u00f3n del gobernador Eduardo Ram\u00edrez, la secretaria general de Gobierno y Mediaci\u00f3n, Dulce Rodr\u00edguez Ovando, particip\u00f3 en la Ceremonia de Izamiento y Honores a la Bandera realizada en San Crist\u00f3bal de Las Casas.<\/p>\n","protected":false},"author":1,"featured_media":151722,"comment_status":"closed","ping_status":"closed","sticky":false,"template":"","format":"standard","meta":{"footnotes":""},"categories":[1],"tags":[],"class_list":["post-151690","post","type-post","status-publish","format-standard","has-post-thumbnail","hentry","category-general"],"_links":{"self":[{"href":"https:\/\/elobservadorzonanorte.com.mx\/index.php?rest_route=\/wp\/v2\/posts\/151690","targetHints":{"allow":["GET"]}}],"collection":[{"href":"https:\/\/elobservadorzonanorte.com.mx\/index.php?rest_route=\/wp\/v2\/posts"}],"about":[{"href":"https:\/\/elobservadorzonanorte.com.mx\/index.php?rest_route=\/wp\/v2\/types\/post"}],"author":[{"embeddable":true,"href":"https:\/\/elobservadorzonanorte.com.mx\/index.php?rest_route=\/wp\/v2\/users\/1"}],"replies":[{"embeddable":true,"href":"https:\/\/elobservadorzonanorte.com.mx\/index.php?rest_route=%2Fwp%2Fv2%2Fcomments&post=151690"}],"version-history":[{"count":1,"href":"https:\/\/elobservadorzonanorte.com.mx\/index.php?rest_route=\/wp\/v2\/posts\/151690\/revisions"}],"predecessor-version":[{"id":151723,"href":"https:\/\/elobservadorzonanorte.com.mx\/index.php?rest_route=\/wp\/v2\/posts\/151690\/revisions\/151723"}],"wp:featuredmedia":[{"embeddable":true,"href":"https:\/\/elobservadorzonanorte.com.mx\/index.php?rest_route=\/wp\/v2\/media\/151722"}],"wp:attachment":[{"href":"https:\/\/elobservadorzonanorte.com.mx\/index.php?rest_route=%2Fwp%2Fv2%2Fmedia&parent=151690"}],"wp:term":[{"taxonomy":"category","embeddable":true,"href":"https:\/\/elobservadorzonanorte.com.mx\/index.php?rest_route=%2Fwp%2Fv2%2Fcategories&post=151690"},{"taxonomy":"post_tag","embeddable":true,"href":"https:\/\/elobservadorzonanorte.com.mx\/index.php?rest_route=%2Fwp%2Fv2%2Ftags&post=151690"}],"curies":[{"name":"wp","href":"https:\/\/api.w.org\/{rel}","templated":true}]}}