{"id":151681,"date":"2026-09-01T04:48:05","date_gmt":"2026-09-01T04:48:05","guid":{"rendered":"https:\/\/elobservadorzonanorte.com.mx\/?p=151681"},"modified":"2026-09-01T04:48:06","modified_gmt":"2026-09-01T04:48:06","slug":"cobach-inicia-el-semestre-2026-a-desde-el-cemsad-280-aldama","status":"publish","type":"post","link":"https:\/\/elobservadorzonanorte.com.mx\/?p=151681","title":{"rendered":"COBACH inicia el semestre 2026-A, desde el CEMSaD 280 Aldama"},"content":{"rendered":"\n<figure class=\"wp-block-image size-large\"><img decoding=\"async\" width=\"600\" height=\"400\" src=\"https:\/\/elobservadorzonanorte.com.mx\/wp-content\/uploads\/2026\/09\/imagen-32-600x400.png\" alt=\"\" class=\"wp-image-151684\" srcset=\"https:\/\/elobservadorzonanorte.com.mx\/wp-content\/uploads\/2026\/09\/imagen-32-600x400.png 600w, https:\/\/elobservadorzonanorte.com.mx\/wp-content\/uploads\/2026\/09\/imagen-32-300x200.png 300w, https:\/\/elobservadorzonanorte.com.mx\/wp-content\/uploads\/2026\/09\/imagen-32-768x511.png 768w, https:\/\/elobservadorzonanorte.com.mx\/wp-content\/uploads\/2026\/09\/imagen-32.png 811w\" sizes=\"(max-width: 600px) 100vw, 600px\" \/><\/figure>\n\n\n\n<p class=\"wp-block-paragraph\">\u2022 La directora general, Viridiana Figueroa Garc\u00eda, dio la bienvenida a la comunidad estudiantil de los 338 centros escolares y anunci\u00f3 una inversi\u00f3n de 10 millones 26 mil 320 pesos para equipamiento y material educativo de los municipios hist\u00f3ricamente olvidados<\/p>\n\n\n\n<p class=\"wp-block-paragraph\">Aldama, Chiapas; 31 de agosto de 2026.- Este lunes inici\u00f3 el semestre 2026-A en los 338 centros educativos del Colegio de Bachilleres de Chiapas (Cobach) desde el Centro de Educaci\u00f3n Media Superior a Distancia (CEMSaD) 280 Aldama, donde la directora general, Viridiana Figueroa Garc\u00eda, dio la bienvenida a la comunidad estudiantil y anunci\u00f3 una inversi\u00f3n global de 10 millones 26 mil 320 pesos para equipamiento y material educativo de los municipios hist\u00f3ricamente olvidados del estado.<\/p>\n\n\n\n<p class=\"wp-block-paragraph\">El acto realizado en esta regi\u00f3n de Los Altos tiene un significado especial al desarrollarse en uno de los 12 municipios hist\u00f3ricamente olvidados, considerados prioritarios por el gobierno del estado mediante la estrategia estatal \u201cDel Olvido a la Prosperidad\u201d, impulsada por el gobernador Eduardo Ram\u00edrez Aguilar.<\/p>\n\n\n\n<p class=\"wp-block-paragraph\">En su mensaje, la titular del Cobach destac\u00f3 la importancia de iniciar el semestre desde las comunidades donde la presencia educativa representa una oportunidad para transformar la vida de las nuevas generaciones.<\/p>\n\n\n\n<p class=\"wp-block-paragraph\">En este marco, el Cobach suma acciones propias para atender las necesidades de sus comunidades escolares y contribuir a que las y los estudiantes de estas regiones cuenten con mejores condiciones para continuar sus estudios.<\/p>\n\n\n\n<p class=\"wp-block-paragraph\">Como parte de este esfuerzo, el Colegio realiz\u00f3 un diagn\u00f3stico de necesidades de infraestructura en 26 centros educativos ubicados en los 12 municipios prioritarios. El levantamiento permiti\u00f3 identificar requerimientos recurrentes relacionados con instalaciones el\u00e9ctricas e hidr\u00e1ulicas, impermeabilizaci\u00f3n, pintura y m\u00f3dulos sanitarios, entre otros.<\/p>\n\n\n\n<p class=\"wp-block-paragraph\">A partir de este diagn\u00f3stico y con motivo del inicio del semestre 2026-A, el Cobach fortalece estos centros con equipamiento y materiales educativos, entre ellos proyectores, kits deportivos de atletismo y balones, as\u00ed como materiales de pintura, impermeabilizante, oficina y limpieza.<\/p>\n\n\n\n<p class=\"wp-block-paragraph\">La inversi\u00f3n global de diez millones veintis\u00e9is mil pesos para este d\u00eda de inicio de semestre, fue destinado a mejorar las condiciones de los espacios educativos y fortalecer las herramientas disponibles para las comunidades escolares.<\/p>\n\n\n\n<p class=\"wp-block-paragraph\">Como muestra del acompa\u00f1amiento institucional en esta regi\u00f3n, estuvieron presentes los cinco coordinadores de zona donde el Cobach mantiene presencia en los 12 municipios hist\u00f3ricamente olvidados. En conjunto, estas coordinaciones atienden los 26 centros educativos que el Colegio tiene establecidos en estas comunidades prioritarias, fortaleciendo el trabajo territorial y la atenci\u00f3n directa a las necesidades de cada comunidad escolar.<\/p>\n\n\n\n<p class=\"wp-block-paragraph\">El responsable del CEMSaD 280 Aldama, Edgardo Moreno P\u00e9rez, dio la bienvenida a las y los asistentes al evento, mientras que el primer regidor del Ayuntamiento, Juan Santos G\u00f3mez, emiti\u00f3 un mensaje en representaci\u00f3n de las autoridades municipales. Asimismo, Dagoberto de Jes\u00fas Hern\u00e1ndez G\u00f3mez, subsecretario regional de la Zona Altos de la Secretar\u00eda General de Gobierno y Mediaci\u00f3n (SGGyM), particip\u00f3 en representaci\u00f3n de la titular de esta dependencia, Dulce Mar\u00eda Rodr\u00edguez Ovando.<\/p>\n","protected":false},"excerpt":{"rendered":"<p>\u2022 La directora general, Viridiana Figueroa Garc\u00eda, dio la bienvenida a la comunidad estudiantil de los 338 centros escolares y anunci\u00f3 una inversi\u00f3n de 10 millones 26 mil 320 pesos para equipamiento y material educativo de los municipios hist\u00f3ricamente olvidados Aldama, Chiapas; 31 de agosto de 2026.- Este lunes inici\u00f3 el semestre 2026-A en los [&hellip;]<\/p>\n","protected":false},"author":1,"featured_media":151684,"comment_status":"closed","ping_status":"closed","sticky":false,"template":"","format":"standard","meta":{"footnotes":""},"categories":[1],"tags":[],"class_list":["post-151681","post","type-post","status-publish","format-standard","has-post-thumbnail","hentry","category-general"],"_links":{"self":[{"href":"https:\/\/elobservadorzonanorte.com.mx\/index.php?rest_route=\/wp\/v2\/posts\/151681","targetHints":{"allow":["GET"]}}],"collection":[{"href":"https:\/\/elobservadorzonanorte.com.mx\/index.php?rest_route=\/wp\/v2\/posts"}],"about":[{"href":"https:\/\/elobservadorzonanorte.com.mx\/index.php?rest_route=\/wp\/v2\/types\/post"}],"author":[{"embeddable":true,"href":"https:\/\/elobservadorzonanorte.com.mx\/index.php?rest_route=\/wp\/v2\/users\/1"}],"replies":[{"embeddable":true,"href":"https:\/\/elobservadorzonanorte.com.mx\/index.php?rest_route=%2Fwp%2Fv2%2Fcomments&post=151681"}],"version-history":[{"count":1,"href":"https:\/\/elobservadorzonanorte.com.mx\/index.php?rest_route=\/wp\/v2\/posts\/151681\/revisions"}],"predecessor-version":[{"id":151685,"href":"https:\/\/elobservadorzonanorte.com.mx\/index.php?rest_route=\/wp\/v2\/posts\/151681\/revisions\/151685"}],"wp:featuredmedia":[{"embeddable":true,"href":"https:\/\/elobservadorzonanorte.com.mx\/index.php?rest_route=\/wp\/v2\/media\/151684"}],"wp:attachment":[{"href":"https:\/\/elobservadorzonanorte.com.mx\/index.php?rest_route=%2Fwp%2Fv2%2Fmedia&parent=151681"}],"wp:term":[{"taxonomy":"category","embeddable":true,"href":"https:\/\/elobservadorzonanorte.com.mx\/index.php?rest_route=%2Fwp%2Fv2%2Fcategories&post=151681"},{"taxonomy":"post_tag","embeddable":true,"href":"https:\/\/elobservadorzonanorte.com.mx\/index.php?rest_route=%2Fwp%2Fv2%2Ftags&post=151681"}],"curies":[{"name":"wp","href":"https:\/\/api.w.org\/{rel}","templated":true}]}}