{"id":151672,"date":"2026-09-01T04:47:27","date_gmt":"2026-09-01T04:47:27","guid":{"rendered":"https:\/\/elobservadorzonanorte.com.mx\/?p=151672"},"modified":"2026-09-01T04:47:28","modified_gmt":"2026-09-01T04:47:28","slug":"chiapas-fortalece-el-regreso-a-clases-con-presentacion-de-protocolos-contra-el-acoso-y-la-violencia","status":"publish","type":"post","link":"https:\/\/elobservadorzonanorte.com.mx\/?p=151672","title":{"rendered":"Chiapas fortalece el regreso a clases con presentaci\u00f3n de protocolos contra el acoso y la violencia"},"content":{"rendered":"\n<figure class=\"wp-block-image size-large\"><img decoding=\"async\" width=\"600\" height=\"400\" src=\"https:\/\/elobservadorzonanorte.com.mx\/wp-content\/uploads\/2026\/09\/imagen-30-600x400.png\" alt=\"\" class=\"wp-image-151677\" srcset=\"https:\/\/elobservadorzonanorte.com.mx\/wp-content\/uploads\/2026\/09\/imagen-30-600x400.png 600w, https:\/\/elobservadorzonanorte.com.mx\/wp-content\/uploads\/2026\/09\/imagen-30-300x200.png 300w, https:\/\/elobservadorzonanorte.com.mx\/wp-content\/uploads\/2026\/09\/imagen-30-768x511.png 768w, https:\/\/elobservadorzonanorte.com.mx\/wp-content\/uploads\/2026\/09\/imagen-30.png 811w\" sizes=\"(max-width: 600px) 100vw, 600px\" \/><\/figure>\n\n\n\n<p class=\"wp-block-paragraph\">\u2022\u200bLa convicci\u00f3n de este sexenio es consolidar escuelas seguras, libres de violencia y con bienestar para todas y todos<\/p>\n\n\n\n<p class=\"wp-block-paragraph\">Como parte de las acciones para promover el bienestar en las escuelas durante este regreso a clases y fortalecer la visi\u00f3n del Lekil Kuxlejal (Buen Vivir) en las comunidades educativas, la Secretar\u00eda de Educaci\u00f3n Chiapas llev\u00f3 a cabo la presentaci\u00f3n de los Protocolos de Prevenci\u00f3n, Detecci\u00f3n, Atenci\u00f3n y Canalizaci\u00f3n de Casos de Acoso Escolar y Abuso Sexual Infantil en Educaci\u00f3n B\u00e1sica, desde la Escuela Telesecundaria 1221 \u201cBelisario Dom\u00ednguez Palencia\u201d, ubicada en la colonia Patria Nueva, en Tuxtla Guti\u00e9rrez.<\/p>\n\n\n\n<p class=\"wp-block-paragraph\">Esta acci\u00f3n se suma a la visi\u00f3n del gobernador Eduardo Ram\u00edrez Aguilar, de construir espacios seguros, libres de violencia y donde ni\u00f1as, ni\u00f1os y adolescentes puedan desarrollarse plenamente en ambientes de respeto, cuidado y bienestar. En este sentido, la Secretar\u00eda de Educaci\u00f3n, encabezada por Roger Mandujano, atiende el llamado de la presidenta Claudia Sheinbaum Pardo para impulsar una agenda permanente de prevenci\u00f3n, atenci\u00f3n y acompa\u00f1amiento ante cualquier situaci\u00f3n que pueda afectar el desarrollo integral de las y los estudiantes chiapanecos.<\/p>\n\n\n\n<p class=\"wp-block-paragraph\">Durante el acto de presentaci\u00f3n, Lenin Gumeta Nucamendi, director del plantel, reconoci\u00f3 el compromiso de las escuelas con la formaci\u00f3n integral de las y los j\u00f3venes, as\u00ed como los esfuerzos institucionales para fortalecer espacios en los que todas y todos puedan sentirse seguros, escuchados y protegidos.<\/p>\n\n\n\n<p class=\"wp-block-paragraph\">Por su parte, Hugo Campos Flores, director de Educaci\u00f3n B\u00e1sica, dirigi\u00f3 un mensaje a las y los estudiantes que regresan a las aulas, a quienes dese\u00f3 un inicio de ciclo escolar lleno de aprendizajes, nuevas amistades y espacios de convivencia sustentados en la paz, el respeto y la solidaridad.<\/p>\n\n\n\n<p class=\"wp-block-paragraph\">\u201cEl coraz\u00f3n de Chiapas late muy fuerte porque hoy nuestros estudiantes regresan a sus salones. Este nuevo a\u00f1o tenemos que enmarcarlo con respeto, amor y cuidado por nuestro entorno. Eso es el Buen Vivir\u201d, se\u00f1al\u00f3.<\/p>\n\n\n\n<p class=\"wp-block-paragraph\">De la mano de la Unidad de Igualdad de G\u00e9nero y de la Coordinaci\u00f3n de Programas Especiales y Compensatorios, la Secretar\u00eda de Educaci\u00f3n fortalece estas acciones para brindar a la comunidad escolar herramientas que permitan prevenir, identificar, atender y canalizar oportunamente cualquier forma de violencia, reafirmando que el bienestar y la protecci\u00f3n de las y los estudiantes es una responsabilidad compartida.<\/p>\n\n\n\n<p class=\"wp-block-paragraph\">En representaci\u00f3n del secretario Roger Mandujano, la titular de la Unidad de Igualdad de G\u00e9nero y secretaria t\u00e9cnica de la dependencia educativa, Milena Arellanes Pinto, enfatiz\u00f3 que la construcci\u00f3n de escuelas seguras requiere del compromiso de cada integrante de la comunidad educativa y reconoci\u00f3 la colaboraci\u00f3n de docentes, directivos, madres y padres de familia.<\/p>\n\n\n\n<p class=\"wp-block-paragraph\">\u201cEstamos hoy aqu\u00ed para presentar una herramienta muy importante, con la que trabajaremos de la mano para consolidar espacios libres de violencia. Estamos hablando de una responsabilidad compartida: prevenir y no tolerar ninguna de estas acciones. Queremos que conozcan sus derechos dentro y fuera de la escuela, pero, sobre todo, que sepan que estamos aqu\u00ed para acompa\u00f1arlos y hacerles saber que no est\u00e1n solos\u201d, expres\u00f3.<\/p>\n\n\n\n<p class=\"wp-block-paragraph\">Asimismo, hizo un llamado a las y los j\u00f3venes, as\u00ed como a sus familias, a mantenerse atentos ante cualquier se\u00f1al de violencia y a participar activamente en la construcci\u00f3n de una comunidad educativa donde prevalezcan el respeto, la confianza, la solidaridad y el cuidado.<\/p>\n\n\n\n<p class=\"wp-block-paragraph\">La prevenci\u00f3n tambi\u00e9n significa acompa\u00f1ar, escuchar y actuar. Por ello, la Secretar\u00eda de Educaci\u00f3n mantiene abiertos sus mecanismos de atenci\u00f3n y denuncia para que cualquier integrante de la comunidad educativa pueda reportar situaciones que vulneren la integridad de las y los estudiantes. En este sentido, se mantienen abiertos canales de atenci\u00f3n y denuncia, as\u00ed como el correo buzonvioleta@sechiapas.gob.mx, para brindar orientaci\u00f3n y seguimiento ante posibles situaciones de violencia.<\/p>\n\n\n\n<p class=\"wp-block-paragraph\">Con estas acciones, la Secretar\u00eda de Educaci\u00f3n refrenda su compromiso con la construcci\u00f3n de escuelas seguras, libres de violencia y basadas en una cultura de paz, donde el respeto a los derechos, la protecci\u00f3n de las infancias y juventudes y el bienestar de toda la comunidad educativa sean pilares de la transformaci\u00f3n educativa y del Lekil Kuxlejal, el Buen Vivir.<\/p>\n","protected":false},"excerpt":{"rendered":"<p>\u2022\u200bLa convicci\u00f3n de este sexenio es consolidar escuelas seguras, libres de violencia y con bienestar para todas y todos Como parte de las acciones para promover el bienestar en las escuelas durante este regreso a clases y fortalecer la visi\u00f3n del Lekil Kuxlejal (Buen Vivir) en las comunidades educativas, la Secretar\u00eda de Educaci\u00f3n Chiapas llev\u00f3 [&hellip;]<\/p>\n","protected":false},"author":1,"featured_media":151677,"comment_status":"closed","ping_status":"closed","sticky":false,"template":"","format":"standard","meta":{"footnotes":""},"categories":[1],"tags":[],"class_list":["post-151672","post","type-post","status-publish","format-standard","has-post-thumbnail","hentry","category-general"],"_links":{"self":[{"href":"https:\/\/elobservadorzonanorte.com.mx\/index.php?rest_route=\/wp\/v2\/posts\/151672","targetHints":{"allow":["GET"]}}],"collection":[{"href":"https:\/\/elobservadorzonanorte.com.mx\/index.php?rest_route=\/wp\/v2\/posts"}],"about":[{"href":"https:\/\/elobservadorzonanorte.com.mx\/index.php?rest_route=\/wp\/v2\/types\/post"}],"author":[{"embeddable":true,"href":"https:\/\/elobservadorzonanorte.com.mx\/index.php?rest_route=\/wp\/v2\/users\/1"}],"replies":[{"embeddable":true,"href":"https:\/\/elobservadorzonanorte.com.mx\/index.php?rest_route=%2Fwp%2Fv2%2Fcomments&post=151672"}],"version-history":[{"count":1,"href":"https:\/\/elobservadorzonanorte.com.mx\/index.php?rest_route=\/wp\/v2\/posts\/151672\/revisions"}],"predecessor-version":[{"id":151678,"href":"https:\/\/elobservadorzonanorte.com.mx\/index.php?rest_route=\/wp\/v2\/posts\/151672\/revisions\/151678"}],"wp:featuredmedia":[{"embeddable":true,"href":"https:\/\/elobservadorzonanorte.com.mx\/index.php?rest_route=\/wp\/v2\/media\/151677"}],"wp:attachment":[{"href":"https:\/\/elobservadorzonanorte.com.mx\/index.php?rest_route=%2Fwp%2Fv2%2Fmedia&parent=151672"}],"wp:term":[{"taxonomy":"category","embeddable":true,"href":"https:\/\/elobservadorzonanorte.com.mx\/index.php?rest_route=%2Fwp%2Fv2%2Fcategories&post=151672"},{"taxonomy":"post_tag","embeddable":true,"href":"https:\/\/elobservadorzonanorte.com.mx\/index.php?rest_route=%2Fwp%2Fv2%2Ftags&post=151672"}],"curies":[{"name":"wp","href":"https:\/\/api.w.org\/{rel}","templated":true}]}}