{"id":151670,"date":"2026-09-01T04:46:55","date_gmt":"2026-09-01T04:46:55","guid":{"rendered":"https:\/\/elobservadorzonanorte.com.mx\/?p=151670"},"modified":"2026-09-01T04:46:56","modified_gmt":"2026-09-01T04:46:56","slug":"con-mas-de-107-mdp-en-infraestructura-educativa-eduardo-ramirez-impulsa-la-transformacion-de-berriozabal-2","status":"publish","type":"post","link":"https:\/\/elobservadorzonanorte.com.mx\/?p=151670","title":{"rendered":"*Con m\u00e1s de 107 mdp en infraestructura educativa, Eduardo Ram\u00edrez impulsa la transformaci\u00f3n de Berrioz\u00e1bal*"},"content":{"rendered":"<p><iframe loading=\"lazy\" src=\"https:\/\/www.facebook.com\/plugins\/video.php?height=476&#038;href=https%3A%2F%2Fwww.facebook.com%2Freel%2F28433097196326375%2F&#038;show_text=false&#038;width=267&#038;t=0\" width=\"267\" height=\"476\" style=\"border:none;overflow:hidden\" scrolling=\"no\" frameborder=\"0\" allowfullscreen=\"true\" allow=\"autoplay; clipboard-write; encrypted-media; picture-in-picture; web-share\" allowFullScreen=\"true\"><\/iframe><\/p>\n\n\n\n<p class=\"wp-block-paragraph\">El gobernador Eduardo Ram\u00edrez Aguilar encabez\u00f3 la ceremonia de inicio del Ciclo Escolar 2026-2027, en el municipio de Berrioz\u00e1bal, donde explic\u00f3 que su gobierno fortalece la infraestructura educativa para garantizar espacios seguros, dignos y de calidad a la ni\u00f1ez y la juventud. Destac\u00f3 que en este municipio, se ha destinado m\u00e1s de 107 millones de pesos a obras educativas.<\/p>\n\n\n\n<p class=\"wp-block-paragraph\">En esta gira de trabajo, el mandatario visit\u00f3 el Barrio La Piedad, donde inaugur\u00f3 obras educativas en las instalaciones que albergan a la Escuela Secundaria Jos\u00e9 Manuel Velasco Siles y al Centro de Estudios de Bachillerato Enoch Cancino Casahonda. Asimismo, entreg\u00f3 infraestructura en la Secundaria T\u00e9cnica Industrial N\u00famero 158 en la localidad Santa In\u00e9s Buenavista.<\/p>\n\n\n\n<p class=\"wp-block-paragraph\">Ver menos<\/p>\n\n\n\n<figure class=\"wp-block-video\"><\/figure>\n","protected":false},"excerpt":{"rendered":"<p>El gobernador Eduardo Ram\u00edrez Aguilar encabez\u00f3 la ceremonia de inicio del Ciclo Escolar 2026-2027, en el municipio de Berrioz\u00e1bal, donde explic\u00f3 que su gobierno fortalece la infraestructura educativa para garantizar espacios seguros, dignos y de calidad a la ni\u00f1ez y la juventud. Destac\u00f3 que en este municipio, se ha destinado m\u00e1s de 107 millones de [&hellip;]<\/p>\n","protected":false},"author":1,"featured_media":0,"comment_status":"closed","ping_status":"closed","sticky":false,"template":"","format":"standard","meta":{"footnotes":""},"categories":[1],"tags":[],"class_list":["post-151670","post","type-post","status-publish","format-standard","hentry","category-general"],"_links":{"self":[{"href":"https:\/\/elobservadorzonanorte.com.mx\/index.php?rest_route=\/wp\/v2\/posts\/151670","targetHints":{"allow":["GET"]}}],"collection":[{"href":"https:\/\/elobservadorzonanorte.com.mx\/index.php?rest_route=\/wp\/v2\/posts"}],"about":[{"href":"https:\/\/elobservadorzonanorte.com.mx\/index.php?rest_route=\/wp\/v2\/types\/post"}],"author":[{"embeddable":true,"href":"https:\/\/elobservadorzonanorte.com.mx\/index.php?rest_route=\/wp\/v2\/users\/1"}],"replies":[{"embeddable":true,"href":"https:\/\/elobservadorzonanorte.com.mx\/index.php?rest_route=%2Fwp%2Fv2%2Fcomments&post=151670"}],"version-history":[{"count":1,"href":"https:\/\/elobservadorzonanorte.com.mx\/index.php?rest_route=\/wp\/v2\/posts\/151670\/revisions"}],"predecessor-version":[{"id":151674,"href":"https:\/\/elobservadorzonanorte.com.mx\/index.php?rest_route=\/wp\/v2\/posts\/151670\/revisions\/151674"}],"wp:attachment":[{"href":"https:\/\/elobservadorzonanorte.com.mx\/index.php?rest_route=%2Fwp%2Fv2%2Fmedia&parent=151670"}],"wp:term":[{"taxonomy":"category","embeddable":true,"href":"https:\/\/elobservadorzonanorte.com.mx\/index.php?rest_route=%2Fwp%2Fv2%2Fcategories&post=151670"},{"taxonomy":"post_tag","embeddable":true,"href":"https:\/\/elobservadorzonanorte.com.mx\/index.php?rest_route=%2Fwp%2Fv2%2Ftags&post=151670"}],"curies":[{"name":"wp","href":"https:\/\/api.w.org\/{rel}","templated":true}]}}