{"id":151644,"date":"2026-09-01T04:46:37","date_gmt":"2026-09-01T04:46:37","guid":{"rendered":"https:\/\/elobservadorzonanorte.com.mx\/?p=151644"},"modified":"2026-09-01T04:46:37","modified_gmt":"2026-09-01T04:46:37","slug":"con-mas-de-107-mdp-en-infraestructura-educativa-eduardo-ramirez-impulsa-la-transformacion-de-berriozabal","status":"publish","type":"post","link":"https:\/\/elobservadorzonanorte.com.mx\/?p=151644","title":{"rendered":"*Con m\u00e1s de 107 mdp en infraestructura educativa, Eduardo Ram\u00edrez impulsa la transformaci\u00f3n de Berrioz\u00e1bal*"},"content":{"rendered":"\n<figure class=\"wp-block-image size-full\"><img decoding=\"async\" width=\"590\" height=\"393\" src=\"https:\/\/elobservadorzonanorte.com.mx\/wp-content\/uploads\/2026\/09\/imagen-27.png\" alt=\"\" class=\"wp-image-151667\" srcset=\"https:\/\/elobservadorzonanorte.com.mx\/wp-content\/uploads\/2026\/09\/imagen-27.png 590w, https:\/\/elobservadorzonanorte.com.mx\/wp-content\/uploads\/2026\/09\/imagen-27-300x200.png 300w\" sizes=\"(max-width: 590px) 100vw, 590px\" \/><\/figure>\n\n\n\n<figure class=\"wp-block-image size-full\"><img decoding=\"async\" width=\"590\" height=\"393\" src=\"https:\/\/elobservadorzonanorte.com.mx\/wp-content\/uploads\/2026\/09\/imagen-28.png\" alt=\"\" class=\"wp-image-151668\" srcset=\"https:\/\/elobservadorzonanorte.com.mx\/wp-content\/uploads\/2026\/09\/imagen-28.png 590w, https:\/\/elobservadorzonanorte.com.mx\/wp-content\/uploads\/2026\/09\/imagen-28-300x200.png 300w\" sizes=\"(max-width: 590px) 100vw, 590px\" \/><\/figure>\n\n\n\n<p class=\"wp-block-paragraph\">&#8211; Encabez\u00f3 la ceremonia de inicio del Ciclo Escolar 2026-2027 y entreg\u00f3 obras en distintos planteles<\/p>\n\n\n\n<p class=\"wp-block-paragraph\">En el municipio de Berrioz\u00e1bal, el gobernador Eduardo Ram\u00edrez Aguilar encabez\u00f3 la ceremonia de inicio del Ciclo Escolar 2026-2027, donde felicit\u00f3 y dese\u00f3 \u00e9xito a las y los estudiantes, as\u00ed como a maestras y maestros de Chiapas. En este marco, sostuvo que el gobierno de la Nueva ERA fortalece la infraestructura educativa para garantizar espacios seguros, dignos y de calidad que favorezcan el desarrollo acad\u00e9mico de la ni\u00f1ez y la juventud.<\/p>\n\n\n\n<p class=\"wp-block-paragraph\">Durante esta gira de trabajo, el mandatario visit\u00f3 el Barrio La Piedad, donde inaugur\u00f3 el edificio de aulas did\u00e1cticas, centro de c\u00f3mputo, laboratorio multifuncional y \u00e1reas administrativas que albergan a la Escuela Secundaria Jos\u00e9 Manuel Velasco Siles y al Centro de Estudios de Bachillerato Enoch Cancino Casahonda, con una inversi\u00f3n superior a 24 millones de pesos, en beneficio de 560 estudiantes, personal directivo, docente y administrativo, as\u00ed como de madres y padres de familia.<\/p>\n\n\n\n<p class=\"wp-block-paragraph\">Posteriormente, entreg\u00f3 aulas did\u00e1cticas, equipamiento, una cancha de usos m\u00faltiples y obras exteriores en la Secundaria T\u00e9cnica Industrial N\u00famero 158, ubicada en la localidad Santa In\u00e9s Buenavista, con una inversi\u00f3n de 5.7 millones de pesos. Ante la comunidad escolar, destac\u00f3 que su administraci\u00f3n ha destinado m\u00e1s de 107 millones de pesos a obras educativas en Berrioz\u00e1bal. \u201cInvertir en la educaci\u00f3n es invertir en la transformaci\u00f3n. Invertir en las juventudes es la mejor inversi\u00f3n que se realiza en Chiapas y en nuestra patria, que es M\u00e9xico\u201d.<\/p>\n\n\n\n<p class=\"wp-block-paragraph\">El director general del Instituto de la Infraestructura F\u00edsica Educativa del Estado de Chiapas (Inifech), Carlos Ildelfonso Jim\u00e9nez Trujillo, explic\u00f3 que la reconversi\u00f3n de las instalaciones de la Escuela Secundaria Jos\u00e9 Manuel Velasco Siles y del Centro de Estudios de Bachillerato Enoch Cancino Casahonda fue posible gracias a las gestiones del gobernador ante la federaci\u00f3n, con el prop\u00f3sito de ampliar las oportunidades educativas de las y los j\u00f3venes de este municipio. A\u00f1adi\u00f3 que, adem\u00e1s de las obras realizadas en la Secundaria T\u00e9cnica Industrial N\u00famero 158, se construyen dos aulas equipadas, con servicios sanitarios y planta de tratamiento, en el preescolar cercano.<\/p>\n\n\n\n<p class=\"wp-block-paragraph\">El presidente municipal de Berrioz\u00e1bal, Jorge Arturo Acero G\u00f3mez, se\u00f1al\u00f3 que la transformaci\u00f3n del municipio avanza con una visi\u00f3n social sustentada en la educaci\u00f3n, la certeza jur\u00eddica y la coordinaci\u00f3n institucional. Detall\u00f3 que, mediante el trabajo conjunto con el Gobierno del Estado, se cuenta con nuevas preparatorias y universidades, mientras que el Ayuntamiento destin\u00f3 33 por ciento de su presupuesto a este rubro.<\/p>\n\n\n\n<p class=\"wp-block-paragraph\">Los directores de la Escuela Secundaria T\u00e9cnica Industrial N\u00famero 158, Jorge Ember Albores Figueroa, y del Centro de Estudios de Bachillerato Enoch Cancino Casahonda, Rosemberg Nucamendi P\u00e9rez, externaron su gratitud al gobernador Eduardo Ram\u00edrez por hacer realidad el anhelo de contar con aulas dignas y dejar atr\u00e1s las dificultades materiales que enfrentaron durante muchos a\u00f1os. Ambos coincidieron en que la educaci\u00f3n no ha sido un lujo, sino una convicci\u00f3n, pues en estos espacios se cultivan saberes, actitudes y destrezas, al tiempo que se fomenta una cultura de paz y la sana convivencia.<\/p>\n\n\n\n<p class=\"wp-block-paragraph\">Estuvieron presentes el titular de la Subgerencia de Administraci\u00f3n de Proyectos Estatales de Infraestructura Educativa del Instituto Nacional de la Infraestructura F\u00edsica Educativa (Inifed) en Chiapas, Marco Antonio Andrade Zavala; en representaci\u00f3n del secretario de Educaci\u00f3n estatal, el coordinador general de Asuntos Jur\u00eddicos y Laborales de la Secretar\u00eda de Educaci\u00f3n, Sergio Serna Estrada; la diputada local Mar\u00eda Mandiola Totoricaguena; la presidenta del DIF Municipal de Berrioz\u00e1bal, Mar\u00eda Penagos N\u00fa\u00f1ez; adem\u00e1s de estudiantes, personal directivo, docente y administrativo, madres y padres de familia, entre otras personas invitadas.<\/p>\n","protected":false},"excerpt":{"rendered":"<p>&#8211; Encabez\u00f3 la ceremonia de inicio del Ciclo Escolar 2026-2027 y entreg\u00f3 obras en distintos planteles En el municipio de Berrioz\u00e1bal, el gobernador Eduardo Ram\u00edrez Aguilar encabez\u00f3 la ceremonia de inicio del Ciclo Escolar 2026-2027, donde felicit\u00f3 y dese\u00f3 \u00e9xito a las y los estudiantes, as\u00ed como a maestras y maestros de Chiapas. En este [&hellip;]<\/p>\n","protected":false},"author":1,"featured_media":151667,"comment_status":"closed","ping_status":"closed","sticky":false,"template":"","format":"standard","meta":{"footnotes":""},"categories":[1],"tags":[],"class_list":["post-151644","post","type-post","status-publish","format-standard","has-post-thumbnail","hentry","category-general"],"_links":{"self":[{"href":"https:\/\/elobservadorzonanorte.com.mx\/index.php?rest_route=\/wp\/v2\/posts\/151644","targetHints":{"allow":["GET"]}}],"collection":[{"href":"https:\/\/elobservadorzonanorte.com.mx\/index.php?rest_route=\/wp\/v2\/posts"}],"about":[{"href":"https:\/\/elobservadorzonanorte.com.mx\/index.php?rest_route=\/wp\/v2\/types\/post"}],"author":[{"embeddable":true,"href":"https:\/\/elobservadorzonanorte.com.mx\/index.php?rest_route=\/wp\/v2\/users\/1"}],"replies":[{"embeddable":true,"href":"https:\/\/elobservadorzonanorte.com.mx\/index.php?rest_route=%2Fwp%2Fv2%2Fcomments&post=151644"}],"version-history":[{"count":1,"href":"https:\/\/elobservadorzonanorte.com.mx\/index.php?rest_route=\/wp\/v2\/posts\/151644\/revisions"}],"predecessor-version":[{"id":151669,"href":"https:\/\/elobservadorzonanorte.com.mx\/index.php?rest_route=\/wp\/v2\/posts\/151644\/revisions\/151669"}],"wp:featuredmedia":[{"embeddable":true,"href":"https:\/\/elobservadorzonanorte.com.mx\/index.php?rest_route=\/wp\/v2\/media\/151667"}],"wp:attachment":[{"href":"https:\/\/elobservadorzonanorte.com.mx\/index.php?rest_route=%2Fwp%2Fv2%2Fmedia&parent=151644"}],"wp:term":[{"taxonomy":"category","embeddable":true,"href":"https:\/\/elobservadorzonanorte.com.mx\/index.php?rest_route=%2Fwp%2Fv2%2Fcategories&post=151644"},{"taxonomy":"post_tag","embeddable":true,"href":"https:\/\/elobservadorzonanorte.com.mx\/index.php?rest_route=%2Fwp%2Fv2%2Ftags&post=151644"}],"curies":[{"name":"wp","href":"https:\/\/api.w.org\/{rel}","templated":true}]}}