{"id":151642,"date":"2026-09-01T04:45:47","date_gmt":"2026-09-01T04:45:47","guid":{"rendered":"https:\/\/elobservadorzonanorte.com.mx\/?p=151642"},"modified":"2026-09-01T04:45:48","modified_gmt":"2026-09-01T04:45:48","slug":"un-logro-que-nos-llena-de-orgullo-y-felicidad","status":"publish","type":"post","link":"https:\/\/elobservadorzonanorte.com.mx\/?p=151642","title":{"rendered":"\u00a1Un logro que nos llena de orgullo y felicidad!"},"content":{"rendered":"\n<figure class=\"wp-block-image size-full\"><img decoding=\"async\" width=\"590\" height=\"590\" src=\"https:\/\/elobservadorzonanorte.com.mx\/wp-content\/uploads\/2026\/09\/imagen-24.png\" alt=\"\" class=\"wp-image-151662\" srcset=\"https:\/\/elobservadorzonanorte.com.mx\/wp-content\/uploads\/2026\/09\/imagen-24.png 590w, https:\/\/elobservadorzonanorte.com.mx\/wp-content\/uploads\/2026\/09\/imagen-24-300x300.png 300w, https:\/\/elobservadorzonanorte.com.mx\/wp-content\/uploads\/2026\/09\/imagen-24-150x150.png 150w\" sizes=\"(max-width: 590px) 100vw, 590px\" \/><\/figure>\n\n\n\n<figure class=\"wp-block-image size-full\"><img decoding=\"async\" width=\"590\" height=\"590\" src=\"https:\/\/elobservadorzonanorte.com.mx\/wp-content\/uploads\/2026\/09\/imagen-25.png\" alt=\"\" class=\"wp-image-151663\" srcset=\"https:\/\/elobservadorzonanorte.com.mx\/wp-content\/uploads\/2026\/09\/imagen-25.png 590w, https:\/\/elobservadorzonanorte.com.mx\/wp-content\/uploads\/2026\/09\/imagen-25-300x300.png 300w, https:\/\/elobservadorzonanorte.com.mx\/wp-content\/uploads\/2026\/09\/imagen-25-150x150.png 150w\" sizes=\"(max-width: 590px) 100vw, 590px\" \/><\/figure>\n\n\n\n<p class=\"wp-block-paragraph\">El INIFECH hizo entrega oficial a la Mtra. Magalidia Ar\u00e9valo Madrigal, Subdirectora de la Unidad Acad\u00e9mica UT Selva Ray\u00f3n, de dos nuevas aulas construidas para nuestra comunidad educativa.<\/p>\n\n\n\n<p class=\"wp-block-paragraph\">Despu\u00e9s de un largo camino de gestiones, hoy este importante proyecto es una realidad que fortalece nuestra infraestructura y abre nuevas oportunidades para nuestros estudiantes.<\/p>\n\n\n\n<p class=\"wp-block-paragraph\">Reconocemos y agradecemos profundamente al Ing. <a href=\"https:\/\/www.facebook.com\/domingo.trejo1?__cft__[0]=AZbN4WatAueVJxO703XhkJ7_Zll-EjyI0tHNcu8wHpeD4HoXgQbDl72BtiFM2P_O-A_FKASerozpN5J5kOV-s34l6sZvmuAlePiVoSLfV8-iavyS7ByY1FDsO_riXmtQlbMv_ErLxSHU_ycweijbPc79Jw9rC5ZWCjfaOVt5GzvA-eX-C3EIxyoI615rmsY_mrs&amp;__tn__=-]K-R\" target=\"_blank\" rel=\"noopener\">Domingo Trejo<\/a> Presidente Municipal de Ray\u00f3n, por su invaluable apoyo; a nuestro Rector Jorge Alonso Huitron Flores , por su acompa\u00f1amiento permanente; y a todo el personal docente, administrativo y alumnado que sum\u00f3 voluntades y esfuerzos para hacer posible este logro.<\/p>\n\n\n\n<p class=\"wp-block-paragraph\">Nuestro m\u00e1s sincero agradecimiento al Gobernador del Estado, Eduardo Ram\u00edrez Aguilar, por hacer realidad esta gran obra que representa un impulso para nuestra Unidad Acad\u00e9mica.<\/p>\n\n\n\n<p class=\"wp-block-paragraph\">Este 1 de septiembre celebramos 15 a\u00f1os de fundaci\u00f3n, 15 a\u00f1os de formar profesionistas, cumplir sue\u00f1os y construir oportunidades para los j\u00f3venes de nuestra zona norte.<\/p>\n\n\n\n<p class=\"wp-block-paragraph\">Hoy, con enorme alegr\u00eda, iniciamos por primera vez con 10 grupos de primer cuatrimestre. <img decoding=\"async\" height=\"16\" width=\"16\" alt=\"\ud83c\udfeb\" src=\"https:\/\/static.xx.fbcdn.net\/images\/emoji.php\/v9\/t28\/1\/16\/1f3eb.png\"><img decoding=\"async\" height=\"16\" width=\"16\" alt=\"\ud83c\udf93\" src=\"https:\/\/static.xx.fbcdn.net\/images\/emoji.php\/v9\/t25\/1\/16\/1f393.png\"><\/p>\n\n\n\n<p class=\"wp-block-paragraph\">Cuando se trabaja en equipo, los sue\u00f1os se convierten en realidades y el progreso llega para todos.<\/p>\n\n\n\n<p class=\"wp-block-paragraph\">\u00a1Enhorabuena a toda nuestra comunidad universitaria! Vamos por m\u00e1s. <img decoding=\"async\" height=\"16\" width=\"16\" alt=\"\ud83d\udc99\" src=\"https:\/\/static.xx.fbcdn.net\/images\/emoji.php\/v9\/t6c\/1\/16\/1f499.png\"><img decoding=\"async\" height=\"16\" width=\"16\" alt=\"\ud83d\udcda\" src=\"https:\/\/static.xx.fbcdn.net\/images\/emoji.php\/v9\/t49\/1\/16\/1f4da.png\"><img decoding=\"async\" height=\"16\" width=\"16\" alt=\"\u2728\" src=\"https:\/\/static.xx.fbcdn.net\/images\/emoji.php\/v9\/tf4\/1\/16\/2728.png\"><\/p>\n\n\n\n<p class=\"wp-block-paragraph\">Roger Mandujano<\/p>\n\n\n\n<p class=\"wp-block-paragraph\">Universidad Tecnol\u00f3gica de la Selva<\/p>\n","protected":false},"excerpt":{"rendered":"<p>El INIFECH hizo entrega oficial a la Mtra. Magalidia Ar\u00e9valo Madrigal, Subdirectora de la Unidad Acad\u00e9mica UT Selva Ray\u00f3n, de dos nuevas aulas construidas para nuestra comunidad educativa. Despu\u00e9s de un largo camino de gestiones, hoy este importante proyecto es una realidad que fortalece nuestra infraestructura y abre nuevas oportunidades para nuestros estudiantes. Reconocemos y [&hellip;]<\/p>\n","protected":false},"author":1,"featured_media":151663,"comment_status":"closed","ping_status":"closed","sticky":false,"template":"","format":"standard","meta":{"footnotes":""},"categories":[1],"tags":[],"class_list":["post-151642","post","type-post","status-publish","format-standard","has-post-thumbnail","hentry","category-general"],"_links":{"self":[{"href":"https:\/\/elobservadorzonanorte.com.mx\/index.php?rest_route=\/wp\/v2\/posts\/151642","targetHints":{"allow":["GET"]}}],"collection":[{"href":"https:\/\/elobservadorzonanorte.com.mx\/index.php?rest_route=\/wp\/v2\/posts"}],"about":[{"href":"https:\/\/elobservadorzonanorte.com.mx\/index.php?rest_route=\/wp\/v2\/types\/post"}],"author":[{"embeddable":true,"href":"https:\/\/elobservadorzonanorte.com.mx\/index.php?rest_route=\/wp\/v2\/users\/1"}],"replies":[{"embeddable":true,"href":"https:\/\/elobservadorzonanorte.com.mx\/index.php?rest_route=%2Fwp%2Fv2%2Fcomments&post=151642"}],"version-history":[{"count":1,"href":"https:\/\/elobservadorzonanorte.com.mx\/index.php?rest_route=\/wp\/v2\/posts\/151642\/revisions"}],"predecessor-version":[{"id":151664,"href":"https:\/\/elobservadorzonanorte.com.mx\/index.php?rest_route=\/wp\/v2\/posts\/151642\/revisions\/151664"}],"wp:featuredmedia":[{"embeddable":true,"href":"https:\/\/elobservadorzonanorte.com.mx\/index.php?rest_route=\/wp\/v2\/media\/151663"}],"wp:attachment":[{"href":"https:\/\/elobservadorzonanorte.com.mx\/index.php?rest_route=%2Fwp%2Fv2%2Fmedia&parent=151642"}],"wp:term":[{"taxonomy":"category","embeddable":true,"href":"https:\/\/elobservadorzonanorte.com.mx\/index.php?rest_route=%2Fwp%2Fv2%2Fcategories&post=151642"},{"taxonomy":"post_tag","embeddable":true,"href":"https:\/\/elobservadorzonanorte.com.mx\/index.php?rest_route=%2Fwp%2Fv2%2Ftags&post=151642"}],"curies":[{"name":"wp","href":"https:\/\/api.w.org\/{rel}","templated":true}]}}