{"id":151598,"date":"2026-09-01T04:42:46","date_gmt":"2026-09-01T04:42:46","guid":{"rendered":"https:\/\/elobservadorzonanorte.com.mx\/?p=151598"},"modified":"2026-09-01T04:42:47","modified_gmt":"2026-09-01T04:42:47","slug":"asi-arrancamos-nuestra-semana","status":"publish","type":"post","link":"https:\/\/elobservadorzonanorte.com.mx\/?p=151598","title":{"rendered":"As\u00ed arrancamos nuestra semana"},"content":{"rendered":"<p><iframe loading=\"lazy\" src=\"https:\/\/www.facebook.com\/plugins\/video.php?height=476&#038;href=https%3A%2F%2Fwww.facebook.com%2Freel%2F1051472217602690%2F&#038;show_text=false&#038;width=267&#038;t=0\" width=\"267\" height=\"476\" style=\"border:none;overflow:hidden\" scrolling=\"no\" frameborder=\"0\" allowfullscreen=\"true\" allow=\"autoplay; clipboard-write; encrypted-media; picture-in-picture; web-share\" allowFullScreen=\"true\"><\/iframe><\/p>\n\n\n\n<p class=\"wp-block-paragraph\">En compa\u00f1\u00eda de integrantes del Cabildo, esta ma\u00f1ana dimos inicio a nuestro programa de apoyos alimentarios para personas con discapacidad de nuestro municipio.<\/p>\n\n\n\n<p class=\"wp-block-paragraph\">Un esfuerzo que nace con un prop\u00f3sito muy claro: apoyar a quienes m\u00e1s lo necesitan y construir un gobierno m\u00e1s humano y cercano.<\/p>\n\n\n\n<p class=\"wp-block-paragraph\">\u00a1Seguimos trabajando por nuestra gente!<\/p>\n\n\n\n<p class=\"wp-block-paragraph\"><a href=\"https:\/\/www.facebook.com\/perico.ramirez.7?__cft__[0]=AZbyI3sTE_3kA2uKhjbCvX-1rdJYHhi-W8Kkqrgt_DcTylrYqtiOCg1lhu8zltmwua_lGWBbgnK2ydChC7YJ_hM7Ddz9qqBjq3fn5x0VAXo-sLTq1yD_mwy2bLl2dWPYQmG6hMhQPaI3wt7X4LDtvTpdXhqiqKesDEOzRk9BD2beCA194pge6Q60qa1HSodYjcTusd5mTWyKEF3VGzYbZTML&amp;__tn__=-]K-R\" target=\"_blank\" rel=\"noopener\">Pedro Ramirez<\/a><\/p>\n\n\n\n<p class=\"wp-block-paragraph\">Presidente municipal de Reforma<\/p>\n\n\n\n<p class=\"wp-block-paragraph\">Ver menos<\/p>\n\n\n\n<figure class=\"wp-block-video\"><\/figure>\n","protected":false},"excerpt":{"rendered":"<p>En compa\u00f1\u00eda de integrantes del Cabildo, esta ma\u00f1ana dimos inicio a nuestro programa de apoyos alimentarios para personas con discapacidad de nuestro municipio. Un esfuerzo que nace con un prop\u00f3sito muy claro: apoyar a quienes m\u00e1s lo necesitan y construir un gobierno m\u00e1s humano y cercano. \u00a1Seguimos trabajando por nuestra gente! Pedro Ramirez Presidente municipal [&hellip;]<\/p>\n","protected":false},"author":1,"featured_media":0,"comment_status":"closed","ping_status":"closed","sticky":false,"template":"","format":"standard","meta":{"footnotes":""},"categories":[1],"tags":[],"class_list":["post-151598","post","type-post","status-publish","format-standard","hentry","category-general"],"_links":{"self":[{"href":"https:\/\/elobservadorzonanorte.com.mx\/index.php?rest_route=\/wp\/v2\/posts\/151598","targetHints":{"allow":["GET"]}}],"collection":[{"href":"https:\/\/elobservadorzonanorte.com.mx\/index.php?rest_route=\/wp\/v2\/posts"}],"about":[{"href":"https:\/\/elobservadorzonanorte.com.mx\/index.php?rest_route=\/wp\/v2\/types\/post"}],"author":[{"embeddable":true,"href":"https:\/\/elobservadorzonanorte.com.mx\/index.php?rest_route=\/wp\/v2\/users\/1"}],"replies":[{"embeddable":true,"href":"https:\/\/elobservadorzonanorte.com.mx\/index.php?rest_route=%2Fwp%2Fv2%2Fcomments&post=151598"}],"version-history":[{"count":1,"href":"https:\/\/elobservadorzonanorte.com.mx\/index.php?rest_route=\/wp\/v2\/posts\/151598\/revisions"}],"predecessor-version":[{"id":151632,"href":"https:\/\/elobservadorzonanorte.com.mx\/index.php?rest_route=\/wp\/v2\/posts\/151598\/revisions\/151632"}],"wp:attachment":[{"href":"https:\/\/elobservadorzonanorte.com.mx\/index.php?rest_route=%2Fwp%2Fv2%2Fmedia&parent=151598"}],"wp:term":[{"taxonomy":"category","embeddable":true,"href":"https:\/\/elobservadorzonanorte.com.mx\/index.php?rest_route=%2Fwp%2Fv2%2Fcategories&post=151598"},{"taxonomy":"post_tag","embeddable":true,"href":"https:\/\/elobservadorzonanorte.com.mx\/index.php?rest_route=%2Fwp%2Fv2%2Ftags&post=151598"}],"curies":[{"name":"wp","href":"https:\/\/api.w.org\/{rel}","templated":true}]}}