{"id":151597,"date":"2026-09-01T04:42:32","date_gmt":"2026-09-01T04:42:32","guid":{"rendered":"https:\/\/elobservadorzonanorte.com.mx\/?p=151597"},"modified":"2026-09-01T04:42:32","modified_gmt":"2026-09-01T04:42:32","slug":"la-coordinacion-con-los-municipios-es-fundamental-para-dar-seguimiento-a-las-necesidades-de-la-poblacion","status":"publish","type":"post","link":"https:\/\/elobservadorzonanorte.com.mx\/?p=151597","title":{"rendered":"La coordinaci\u00f3n con los municipios es fundamental para dar seguimiento a las necesidades de la poblaci\u00f3n."},"content":{"rendered":"\n<figure class=\"wp-block-image size-large\"><img decoding=\"async\" width=\"600\" height=\"443\" src=\"https:\/\/elobservadorzonanorte.com.mx\/wp-content\/uploads\/2026\/09\/imagen-16-600x443.png\" alt=\"\" class=\"wp-image-151630\" srcset=\"https:\/\/elobservadorzonanorte.com.mx\/wp-content\/uploads\/2026\/09\/imagen-16-600x443.png 600w, https:\/\/elobservadorzonanorte.com.mx\/wp-content\/uploads\/2026\/09\/imagen-16-300x222.png 300w, https:\/\/elobservadorzonanorte.com.mx\/wp-content\/uploads\/2026\/09\/imagen-16.png 720w\" sizes=\"(max-width: 600px) 100vw, 600px\" \/><\/figure>\n\n\n\n<p class=\"wp-block-paragraph\">Por ello la secretaria general de Gobierno y Mediaci\u00f3n, <a href=\"https:\/\/www.facebook.com\/dulce.rodriguezovando?__cft__[0]=AZbkqpxN6ftjXnZCNN9AvdCzbSCk_R7VXV_UYH5atuyJUOMj4XBMKn9LvlkmCieXrDEbelTBeHt_XwBuVd2O6EhagBbOsNKzBdvxfQ4wPNEE94jXpznVBmVV1aBB2Bbys2U6a_aItM7qbeNB8GEkyoTOD3-FxYphDXkIIqhNDm5l434lCTxOG3IHwyuXxrIoigM&amp;__tn__=-]K-R\" target=\"_blank\" rel=\"noopener\">Dulce Rodr\u00edguez Ovando<\/a>, sostuvo un encuentro de trabajo con V\u00edctor Manuel L\u00f3pez Jim\u00e9nez, presidente municipal de Ostuac\u00e1n.<\/p>\n\n\n\n<p class=\"wp-block-paragraph\">Este acercamiento forma parte de la agenda de di\u00e1logo permanente que impulsa el gobierno de Eduardo Ram\u00edrez para construir acuerdos y fortalecer la gobernabilidad en las distintas regiones del estado.<\/p>\n","protected":false},"excerpt":{"rendered":"<p>Por ello la secretaria general de Gobierno y Mediaci\u00f3n, Dulce Rodr\u00edguez Ovando, sostuvo un encuentro de trabajo con V\u00edctor Manuel L\u00f3pez Jim\u00e9nez, presidente municipal de Ostuac\u00e1n. Este acercamiento forma parte de la agenda de di\u00e1logo permanente que impulsa el gobierno de Eduardo Ram\u00edrez para construir acuerdos y fortalecer la gobernabilidad en las distintas regiones del [&hellip;]<\/p>\n","protected":false},"author":1,"featured_media":151630,"comment_status":"closed","ping_status":"closed","sticky":false,"template":"","format":"standard","meta":{"footnotes":""},"categories":[1],"tags":[],"class_list":["post-151597","post","type-post","status-publish","format-standard","has-post-thumbnail","hentry","category-general"],"_links":{"self":[{"href":"https:\/\/elobservadorzonanorte.com.mx\/index.php?rest_route=\/wp\/v2\/posts\/151597","targetHints":{"allow":["GET"]}}],"collection":[{"href":"https:\/\/elobservadorzonanorte.com.mx\/index.php?rest_route=\/wp\/v2\/posts"}],"about":[{"href":"https:\/\/elobservadorzonanorte.com.mx\/index.php?rest_route=\/wp\/v2\/types\/post"}],"author":[{"embeddable":true,"href":"https:\/\/elobservadorzonanorte.com.mx\/index.php?rest_route=\/wp\/v2\/users\/1"}],"replies":[{"embeddable":true,"href":"https:\/\/elobservadorzonanorte.com.mx\/index.php?rest_route=%2Fwp%2Fv2%2Fcomments&post=151597"}],"version-history":[{"count":1,"href":"https:\/\/elobservadorzonanorte.com.mx\/index.php?rest_route=\/wp\/v2\/posts\/151597\/revisions"}],"predecessor-version":[{"id":151631,"href":"https:\/\/elobservadorzonanorte.com.mx\/index.php?rest_route=\/wp\/v2\/posts\/151597\/revisions\/151631"}],"wp:featuredmedia":[{"embeddable":true,"href":"https:\/\/elobservadorzonanorte.com.mx\/index.php?rest_route=\/wp\/v2\/media\/151630"}],"wp:attachment":[{"href":"https:\/\/elobservadorzonanorte.com.mx\/index.php?rest_route=%2Fwp%2Fv2%2Fmedia&parent=151597"}],"wp:term":[{"taxonomy":"category","embeddable":true,"href":"https:\/\/elobservadorzonanorte.com.mx\/index.php?rest_route=%2Fwp%2Fv2%2Fcategories&post=151597"},{"taxonomy":"post_tag","embeddable":true,"href":"https:\/\/elobservadorzonanorte.com.mx\/index.php?rest_route=%2Fwp%2Fv2%2Ftags&post=151597"}],"curies":[{"name":"wp","href":"https:\/\/api.w.org\/{rel}","templated":true}]}}