{"id":151596,"date":"2026-09-01T04:42:15","date_gmt":"2026-09-01T04:42:15","guid":{"rendered":"https:\/\/elobservadorzonanorte.com.mx\/?p=151596"},"modified":"2026-09-01T04:42:16","modified_gmt":"2026-09-01T04:42:16","slug":"nos-sumamos-a-los-esfuerzos-del-gobierno-de-mexico","status":"publish","type":"post","link":"https:\/\/elobservadorzonanorte.com.mx\/?p=151596","title":{"rendered":"Nos sumamos a los esfuerzos del Gobierno de M\u00e9xico"},"content":{"rendered":"\n<figure class=\"wp-block-image size-full\"><img decoding=\"async\" width=\"590\" height=\"449\" src=\"https:\/\/elobservadorzonanorte.com.mx\/wp-content\/uploads\/2026\/09\/imagen-14.png\" alt=\"\" class=\"wp-image-151627\" srcset=\"https:\/\/elobservadorzonanorte.com.mx\/wp-content\/uploads\/2026\/09\/imagen-14.png 590w, https:\/\/elobservadorzonanorte.com.mx\/wp-content\/uploads\/2026\/09\/imagen-14-300x228.png 300w\" sizes=\"(max-width: 590px) 100vw, 590px\" \/><\/figure>\n\n\n\n<figure class=\"wp-block-image size-full\"><img decoding=\"async\" width=\"590\" height=\"443\" src=\"https:\/\/elobservadorzonanorte.com.mx\/wp-content\/uploads\/2026\/09\/imagen-15.png\" alt=\"\" class=\"wp-image-151628\" srcset=\"https:\/\/elobservadorzonanorte.com.mx\/wp-content\/uploads\/2026\/09\/imagen-15.png 590w, https:\/\/elobservadorzonanorte.com.mx\/wp-content\/uploads\/2026\/09\/imagen-15-300x225.png 300w\" sizes=\"(max-width: 590px) 100vw, 590px\" \/><\/figure>\n\n\n\n<p class=\"wp-block-paragraph\">La Secretar\u00eda de Seguridad y Protecci\u00f3n Ciudadana y la Coordinaci\u00f3n Nacional de Protecci\u00f3n Civil, quienes convocan a instituciones p\u00fablicas y privadas de todo el pa\u00eds a participar en el simulacro que se llevar\u00e1 a cabo el pr\u00f3ximo 19 de septiembre a las 12:00 horas.<\/p>\n\n\n\n<p class=\"wp-block-paragraph\">El Gobierno Municipal de Pichucalco, que preside el Mtro. Andr\u00e9s Carballo C\u00f3rdova, a trav\u00e9s de la Secretar\u00eda de Protecci\u00f3n Civil Municipal, realiz\u00f3 la entrega de volantes informativos para difundir e invitar a diversos comercios locales a participar en el Segundo Simulacro Nacional 2026.<\/p>\n\n\n\n<p class=\"wp-block-paragraph\">Este ejercicio tiene como prop\u00f3sito fomentar la cultura de la Protecci\u00f3n Civil en la poblaci\u00f3n y contribuir al fortalecimiento de las capacidades de reacci\u00f3n de las unidades internas y sus brigadas ante la eventualidad de una emergencia o desastre.<\/p>\n","protected":false},"excerpt":{"rendered":"<p>La Secretar\u00eda de Seguridad y Protecci\u00f3n Ciudadana y la Coordinaci\u00f3n Nacional de Protecci\u00f3n Civil, quienes convocan a instituciones p\u00fablicas y privadas de todo el pa\u00eds a participar en el simulacro que se llevar\u00e1 a cabo el pr\u00f3ximo 19 de septiembre a las 12:00 horas. El Gobierno Municipal de Pichucalco, que preside el Mtro. Andr\u00e9s Carballo [&hellip;]<\/p>\n","protected":false},"author":1,"featured_media":151628,"comment_status":"closed","ping_status":"closed","sticky":false,"template":"","format":"standard","meta":{"footnotes":""},"categories":[1],"tags":[],"class_list":["post-151596","post","type-post","status-publish","format-standard","has-post-thumbnail","hentry","category-general"],"_links":{"self":[{"href":"https:\/\/elobservadorzonanorte.com.mx\/index.php?rest_route=\/wp\/v2\/posts\/151596","targetHints":{"allow":["GET"]}}],"collection":[{"href":"https:\/\/elobservadorzonanorte.com.mx\/index.php?rest_route=\/wp\/v2\/posts"}],"about":[{"href":"https:\/\/elobservadorzonanorte.com.mx\/index.php?rest_route=\/wp\/v2\/types\/post"}],"author":[{"embeddable":true,"href":"https:\/\/elobservadorzonanorte.com.mx\/index.php?rest_route=\/wp\/v2\/users\/1"}],"replies":[{"embeddable":true,"href":"https:\/\/elobservadorzonanorte.com.mx\/index.php?rest_route=%2Fwp%2Fv2%2Fcomments&post=151596"}],"version-history":[{"count":1,"href":"https:\/\/elobservadorzonanorte.com.mx\/index.php?rest_route=\/wp\/v2\/posts\/151596\/revisions"}],"predecessor-version":[{"id":151629,"href":"https:\/\/elobservadorzonanorte.com.mx\/index.php?rest_route=\/wp\/v2\/posts\/151596\/revisions\/151629"}],"wp:featuredmedia":[{"embeddable":true,"href":"https:\/\/elobservadorzonanorte.com.mx\/index.php?rest_route=\/wp\/v2\/media\/151628"}],"wp:attachment":[{"href":"https:\/\/elobservadorzonanorte.com.mx\/index.php?rest_route=%2Fwp%2Fv2%2Fmedia&parent=151596"}],"wp:term":[{"taxonomy":"category","embeddable":true,"href":"https:\/\/elobservadorzonanorte.com.mx\/index.php?rest_route=%2Fwp%2Fv2%2Fcategories&post=151596"},{"taxonomy":"post_tag","embeddable":true,"href":"https:\/\/elobservadorzonanorte.com.mx\/index.php?rest_route=%2Fwp%2Fv2%2Ftags&post=151596"}],"curies":[{"name":"wp","href":"https:\/\/api.w.org\/{rel}","templated":true}]}}