{"id":151584,"date":"2026-09-01T04:38:50","date_gmt":"2026-09-01T04:38:50","guid":{"rendered":"https:\/\/elobservadorzonanorte.com.mx\/?p=151584"},"modified":"2026-09-01T04:38:51","modified_gmt":"2026-09-01T04:38:51","slug":"cierran-pobladores-paso-vehicular-tramo-carretero-entronque-ostuacan-juarez-xochimilco-pista","status":"publish","type":"post","link":"https:\/\/elobservadorzonanorte.com.mx\/?p=151584","title":{"rendered":"Cierran pobladores paso vehicular tramo carretero entronque Ostuac\u00e1n-Ju\u00e1rez-Xochimilco-Pista"},"content":{"rendered":"\n<figure class=\"wp-block-image size-full\"><img decoding=\"async\" width=\"590\" height=\"444\" src=\"https:\/\/elobservadorzonanorte.com.mx\/wp-content\/uploads\/2026\/09\/imagen.png\" alt=\"\" class=\"wp-image-151601\" srcset=\"https:\/\/elobservadorzonanorte.com.mx\/wp-content\/uploads\/2026\/09\/imagen.png 590w, https:\/\/elobservadorzonanorte.com.mx\/wp-content\/uploads\/2026\/09\/imagen-300x226.png 300w\" sizes=\"(max-width: 590px) 100vw, 590px\" \/><\/figure>\n\n\n\n<figure class=\"wp-block-image size-full\"><img decoding=\"async\" width=\"590\" height=\"443\" src=\"https:\/\/elobservadorzonanorte.com.mx\/wp-content\/uploads\/2026\/09\/imagen-1.png\" alt=\"\" class=\"wp-image-151602\" srcset=\"https:\/\/elobservadorzonanorte.com.mx\/wp-content\/uploads\/2026\/09\/imagen-1.png 590w, https:\/\/elobservadorzonanorte.com.mx\/wp-content\/uploads\/2026\/09\/imagen-1-300x225.png 300w\" sizes=\"(max-width: 590px) 100vw, 590px\" \/><\/figure>\n\n\n\n<p class=\"wp-block-paragraph\">Desde la primeras horas de este d\u00eda, pobladores de esta localidad cerraron el paso vehicular, en demanda del abandono en los \u00abtrabajos de rehabilitaci\u00f3n\u00bb del tramo carretero antes citado.<\/p>\n\n\n\n<p class=\"wp-block-paragraph\">Por lo que ante el abandono e indiferencia de las autoridades correspondientes, hombres y mujeres de este lugar decidieron cerrar el paso a toda unidad en tanto no se les tenga respuesta a su inconformidad.<\/p>\n\n\n\n<p class=\"wp-block-paragraph\">Los quejosos se\u00f1alaron que todo ha sido mentira y evasivas de las autoridades para dar atenci\u00f3n a esta problem\u00e1tica, que ya gener\u00f3 la molestia popular y ser un clamor social tanto para quienes aqui viven como para quienes utilizan est\u00e1 v\u00eda.<\/p>\n\n\n\n<p class=\"wp-block-paragraph\">Por lo que piden la intervenci\u00f3n del gobernador <a href=\"https:\/\/www.facebook.com\/EduardoRamirezGobernador?__cft__[0]=AZZNUaX-wSiFujQ98_3_J73rwwwc_25Bb5OcuC6wHXCtVQ_qj34fPpMwKGxsXr5y2l2PfbhPrGOe5IwqOZmw8sgraPyQdpZcPrfnh-X_glqvfP0X0nGiSQp5g8q36Stfm6dVQXw582ITkCAsHTlwRGk4T-FqyVRcmB_RlgLOOaEh2ISra-bSBf7o24rQYteUyWg&amp;__tn__=-]K-R\" target=\"_blank\" rel=\"noopener\">Eduardo Ram\u00edrez<\/a> para que se atiendan sus demandas y que se arregle este tramo, el cu\u00e1l se encuentra totalmente despedazado y en el abandono.<\/p>\n","protected":false},"excerpt":{"rendered":"<p>Desde la primeras horas de este d\u00eda, pobladores de esta localidad cerraron el paso vehicular, en demanda del abandono en los \u00abtrabajos de rehabilitaci\u00f3n\u00bb del tramo carretero antes citado. Por lo que ante el abandono e indiferencia de las autoridades correspondientes, hombres y mujeres de este lugar decidieron cerrar el paso a toda unidad en [&hellip;]<\/p>\n","protected":false},"author":1,"featured_media":151602,"comment_status":"closed","ping_status":"closed","sticky":false,"template":"","format":"standard","meta":{"footnotes":""},"categories":[1],"tags":[],"class_list":["post-151584","post","type-post","status-publish","format-standard","has-post-thumbnail","hentry","category-general"],"_links":{"self":[{"href":"https:\/\/elobservadorzonanorte.com.mx\/index.php?rest_route=\/wp\/v2\/posts\/151584","targetHints":{"allow":["GET"]}}],"collection":[{"href":"https:\/\/elobservadorzonanorte.com.mx\/index.php?rest_route=\/wp\/v2\/posts"}],"about":[{"href":"https:\/\/elobservadorzonanorte.com.mx\/index.php?rest_route=\/wp\/v2\/types\/post"}],"author":[{"embeddable":true,"href":"https:\/\/elobservadorzonanorte.com.mx\/index.php?rest_route=\/wp\/v2\/users\/1"}],"replies":[{"embeddable":true,"href":"https:\/\/elobservadorzonanorte.com.mx\/index.php?rest_route=%2Fwp%2Fv2%2Fcomments&post=151584"}],"version-history":[{"count":1,"href":"https:\/\/elobservadorzonanorte.com.mx\/index.php?rest_route=\/wp\/v2\/posts\/151584\/revisions"}],"predecessor-version":[{"id":151603,"href":"https:\/\/elobservadorzonanorte.com.mx\/index.php?rest_route=\/wp\/v2\/posts\/151584\/revisions\/151603"}],"wp:featuredmedia":[{"embeddable":true,"href":"https:\/\/elobservadorzonanorte.com.mx\/index.php?rest_route=\/wp\/v2\/media\/151602"}],"wp:attachment":[{"href":"https:\/\/elobservadorzonanorte.com.mx\/index.php?rest_route=%2Fwp%2Fv2%2Fmedia&parent=151584"}],"wp:term":[{"taxonomy":"category","embeddable":true,"href":"https:\/\/elobservadorzonanorte.com.mx\/index.php?rest_route=%2Fwp%2Fv2%2Fcategories&post=151584"},{"taxonomy":"post_tag","embeddable":true,"href":"https:\/\/elobservadorzonanorte.com.mx\/index.php?rest_route=%2Fwp%2Fv2%2Ftags&post=151584"}],"curies":[{"name":"wp","href":"https:\/\/api.w.org\/{rel}","templated":true}]}}