{"id":151573,"date":"2026-08-31T04:42:25","date_gmt":"2026-08-31T04:42:25","guid":{"rendered":"https:\/\/elobservadorzonanorte.com.mx\/?p=151573"},"modified":"2026-08-31T04:42:26","modified_gmt":"2026-08-31T04:42:26","slug":"paco-chacon-acompana-la-presentacion-de-llamarse-olimpia-y-refrenda-su-compromiso-con-una-vida-libre-de-violencia-para-las-mujeres","status":"publish","type":"post","link":"https:\/\/elobservadorzonanorte.com.mx\/?p=151573","title":{"rendered":"Paco Chac\u00f3n acompa\u00f1a la presentaci\u00f3n de \u201cLlamarse Olimpia\u201d y refrenda su compromiso con una vida libre de violencia para las mujeres"},"content":{"rendered":"\n<figure class=\"wp-block-image size-large\"><img decoding=\"async\" width=\"600\" height=\"400\" src=\"https:\/\/elobservadorzonanorte.com.mx\/wp-content\/uploads\/2026\/08\/imagen-633-600x400.png\" alt=\"\" class=\"wp-image-151578\" srcset=\"https:\/\/elobservadorzonanorte.com.mx\/wp-content\/uploads\/2026\/08\/imagen-633-600x400.png 600w, https:\/\/elobservadorzonanorte.com.mx\/wp-content\/uploads\/2026\/08\/imagen-633-300x200.png 300w, https:\/\/elobservadorzonanorte.com.mx\/wp-content\/uploads\/2026\/08\/imagen-633-768x513.png 768w, https:\/\/elobservadorzonanorte.com.mx\/wp-content\/uploads\/2026\/08\/imagen-633.png 809w\" sizes=\"(max-width: 600px) 100vw, 600px\" \/><\/figure>\n\n\n\n<p class=\"wp-block-paragraph\">\u2022 Presentan en Tuxtla Guti\u00e9rrez el documental dirigido por Indira Cato, basado en la historia y lucha de la activista Olimpia Coral Melo.<\/p>\n\n\n\n<p class=\"wp-block-paragraph\">Paco Chac\u00f3n, secretario del Humanismo, particip\u00f3 en la presentaci\u00f3n del documental Llamarse Olimpia, dirigido por Indira Cato y basado en la historia de la activista Olimpia Coral Melo, cuya lucha contribuy\u00f3 a visibilizar y combatir la violencia digital.<\/p>\n\n\n\n<p class=\"wp-block-paragraph\">La presentaci\u00f3n, realizada en el Polyforum de Tuxtla Guti\u00e9rrez, reuni\u00f3 a Olimpia Coral e Indira Cato en un encuentro que abri\u00f3 un espacio de di\u00e1logo y reflexi\u00f3n sobre una realidad que durante mucho tiempo permaneci\u00f3 en silencio y que hoy forma parte de una lucha fundamental por los derechos, la libertad y la dignidad de las mujeres.<\/p>\n\n\n\n<p class=\"wp-block-paragraph\">Paco Chac\u00f3n reconoci\u00f3 en la historia de Olimpia la fuerza de una mujer que, frente a una experiencia de violencia, decidi\u00f3 alzar la voz y convertir una vivencia personal en una causa colectiva que ha contribuido a transformar la conciencia social y el marco legal para enfrentar la violencia digital.<\/p>\n\n\n\n<p class=\"wp-block-paragraph\">\u201cDetr\u00e1s de cada caso hay una mujer, una historia y una vida que merece ser escuchada y respetada\u201d, expres\u00f3.<\/p>\n\n\n\n<p class=\"wp-block-paragraph\">Se\u00f1al\u00f3 que la lucha para erradicar todas las formas de violencia contra las mujeres contin\u00faa, porque a\u00fan existen ni\u00f1as, adolescentes y mujeres que enfrentan miedo, se\u00f1alamientos, discriminaci\u00f3n y entornos que buscan silenciar sus voces.<\/p>\n\n\n\n<p class=\"wp-block-paragraph\">\u201cNo soy especialista ni un amplio conocedor. Soy aprendiz por convicci\u00f3n y, sobre todo, soy un gran aliado de esta lucha incansable para que las ni\u00f1as, adolescentes y mujeres vivan una vida libre de violencia\u201d, afirm\u00f3.<\/p>\n\n\n\n<p class=\"wp-block-paragraph\">Por ello, destac\u00f3 que quienes tienen una responsabilidad p\u00fablica deben estar a la altura de las causas sociales: escuchar, actuar con sensibilidad y respeto, y respaldar con acciones la lucha de las mujeres por vivir libres de violencia.<\/p>\n\n\n\n<p class=\"wp-block-paragraph\">Paco Chac\u00f3n refrend\u00f3 su compromiso de seguir generando espacios de di\u00e1logo, reflexi\u00f3n y participaci\u00f3n, porque la transformaci\u00f3n tambi\u00e9n implica construir una sociedad donde las mujeres puedan ejercer plenamente sus derechos, vivir con libertad y sin miedo.<\/p>\n\n\n\n<p class=\"wp-block-paragraph\">La presentaci\u00f3n de Llamarse Olimpia en Tuxtla Guti\u00e9rrez contribuye a mantener una conversaci\u00f3n necesaria sobre la violencia digital y a recordar que ninguna forma de violencia contra las mujeres debe normalizarse, justificarse ni permanecer en silencio.<\/p>\n","protected":false},"excerpt":{"rendered":"<p>\u2022 Presentan en Tuxtla Guti\u00e9rrez el documental dirigido por Indira Cato, basado en la historia y lucha de la activista Olimpia Coral Melo. Paco Chac\u00f3n, secretario del Humanismo, particip\u00f3 en la presentaci\u00f3n del documental Llamarse Olimpia, dirigido por Indira Cato y basado en la historia de la activista Olimpia Coral Melo, cuya lucha contribuy\u00f3 a [&hellip;]<\/p>\n","protected":false},"author":1,"featured_media":151578,"comment_status":"closed","ping_status":"closed","sticky":false,"template":"","format":"standard","meta":{"footnotes":""},"categories":[1],"tags":[],"class_list":["post-151573","post","type-post","status-publish","format-standard","has-post-thumbnail","hentry","category-general"],"_links":{"self":[{"href":"https:\/\/elobservadorzonanorte.com.mx\/index.php?rest_route=\/wp\/v2\/posts\/151573","targetHints":{"allow":["GET"]}}],"collection":[{"href":"https:\/\/elobservadorzonanorte.com.mx\/index.php?rest_route=\/wp\/v2\/posts"}],"about":[{"href":"https:\/\/elobservadorzonanorte.com.mx\/index.php?rest_route=\/wp\/v2\/types\/post"}],"author":[{"embeddable":true,"href":"https:\/\/elobservadorzonanorte.com.mx\/index.php?rest_route=\/wp\/v2\/users\/1"}],"replies":[{"embeddable":true,"href":"https:\/\/elobservadorzonanorte.com.mx\/index.php?rest_route=%2Fwp%2Fv2%2Fcomments&post=151573"}],"version-history":[{"count":1,"href":"https:\/\/elobservadorzonanorte.com.mx\/index.php?rest_route=\/wp\/v2\/posts\/151573\/revisions"}],"predecessor-version":[{"id":151579,"href":"https:\/\/elobservadorzonanorte.com.mx\/index.php?rest_route=\/wp\/v2\/posts\/151573\/revisions\/151579"}],"wp:featuredmedia":[{"embeddable":true,"href":"https:\/\/elobservadorzonanorte.com.mx\/index.php?rest_route=\/wp\/v2\/media\/151578"}],"wp:attachment":[{"href":"https:\/\/elobservadorzonanorte.com.mx\/index.php?rest_route=%2Fwp%2Fv2%2Fmedia&parent=151573"}],"wp:term":[{"taxonomy":"category","embeddable":true,"href":"https:\/\/elobservadorzonanorte.com.mx\/index.php?rest_route=%2Fwp%2Fv2%2Fcategories&post=151573"},{"taxonomy":"post_tag","embeddable":true,"href":"https:\/\/elobservadorzonanorte.com.mx\/index.php?rest_route=%2Fwp%2Fv2%2Ftags&post=151573"}],"curies":[{"name":"wp","href":"https:\/\/api.w.org\/{rel}","templated":true}]}}