{"id":151568,"date":"2026-08-31T04:41:02","date_gmt":"2026-08-31T04:41:02","guid":{"rendered":"https:\/\/elobservadorzonanorte.com.mx\/?p=151568"},"modified":"2026-08-31T04:41:03","modified_gmt":"2026-08-31T04:41:03","slug":"chiapas-se-prepara-para-el-segundo-simulacro-nacional-2026","status":"publish","type":"post","link":"https:\/\/elobservadorzonanorte.com.mx\/?p=151568","title":{"rendered":"Chiapas se prepara para el Segundo Simulacro Nacional 2026"},"content":{"rendered":"\n<figure class=\"wp-block-image size-large\"><img decoding=\"async\" width=\"338\" height=\"600\" src=\"https:\/\/elobservadorzonanorte.com.mx\/wp-content\/uploads\/2026\/08\/imagen-631-338x600.png\" alt=\"\" class=\"wp-image-151569\" srcset=\"https:\/\/elobservadorzonanorte.com.mx\/wp-content\/uploads\/2026\/08\/imagen-631-338x600.png 338w, https:\/\/elobservadorzonanorte.com.mx\/wp-content\/uploads\/2026\/08\/imagen-631-169x300.png 169w, https:\/\/elobservadorzonanorte.com.mx\/wp-content\/uploads\/2026\/08\/imagen-631.png 526w\" sizes=\"(max-width: 338px) 100vw, 338px\" \/><\/figure>\n\n\n\n<p class=\"wp-block-paragraph\">\u2022 Se realizar\u00e1 el pr\u00f3ximo 19 de septiembre a las 12:00 horas, bajo la hip\u00f3tesis de un sismo de magnitud 7.6 con epicentro en Tonal\u00e1, Chiapas<\/p>\n\n\n\n<p class=\"wp-block-paragraph\">Tuxtla Guti\u00e9rrez, Chiapas; 30 de agosto de 2026.- La Secretar\u00eda de Protecci\u00f3n Civil del Gobierno del Estado invita a las y los chiapanecos a participar activamente en el Segundo Simulacro Nacional 2026, que se llevar\u00e1 a cabo el pr\u00f3ximo s\u00e1bado 19 de septiembre a las 12:00 horas.<\/p>\n\n\n\n<p class=\"wp-block-paragraph\">Para Chiapas el ejercicio se desarrollar\u00e1 bajo la hip\u00f3tesis de un sismo de magnitud 7.6, con epicentro en Tonal\u00e1, como parte de este ejercicio preventivo de car\u00e1cter nacional que busca fortalecer la cultura de la prevenci\u00f3n y las capacidades de respuesta ante una situaci\u00f3n de emergencia.<\/p>\n\n\n\n<p class=\"wp-block-paragraph\">El secretario de Protecci\u00f3n Civil, Mauricio Cordero Rodr\u00edguez, hizo un llamado a la poblaci\u00f3n para sumarse a este ejercicio desde escuelas, centros de trabajo, comercios, instituciones y hogares, destacando que la prevenci\u00f3n y la preparaci\u00f3n pueden salvar vidas.<\/p>\n\n\n\n<p class=\"wp-block-paragraph\">\u201cLa prevenci\u00f3n salva vidas\u201d, se\u00f1al\u00f3, al exhortar a las familias chiapanecas a fortalecer sus planes familiares de protecci\u00f3n civil y estar preparadas para actuar de manera adecuada ante cualquier eventualidad.<\/p>\n\n\n\n<p class=\"wp-block-paragraph\">Al realizarse en s\u00e1bado, este simulacro representa tambi\u00e9n una oportunidad para que las familias practiquen y revisen su Plan Familiar de Protecci\u00f3n Civil, identifiquen rutas de evacuaci\u00f3n, puntos de reuni\u00f3n y establezcan las acciones que deber\u00e1n seguir antes, durante y despu\u00e9s de una emergencia.<\/p>\n\n\n\n<p class=\"wp-block-paragraph\">La Secretar\u00eda de Protecci\u00f3n Civil destac\u00f3 la importancia de registrar los inmuebles que participar\u00e1n en este ejercicio nacional, ya sean escuelas, centros de trabajo, viviendas, comercios o espacios comunitarios, a trav\u00e9s de la plataforma oficial: <a href=\"https:\/\/simulacronacional.sspc.gob.mx\/segundosimulacronacional2026?fbclid=IwcGRvZgFleHRuA2FlbQIxMABicmlkETFlQWxtVFZYNWU2YmMxUko2c3J0YwZhcHBfaWQQMjIyMDM5MTc4ODIwMDg5MgABHlqiUBZb412pbJDAvAUZG6220KE_3KbLHGPARABkPnTZfn0Ueo3MjMDAdT4t_aem_FtvTKa4D9mHCmzLrC6D-bg\" rel=\"noreferrer noopener\" target=\"_blank\">https:\/\/simulacronacional.sspc.gob.mx\/segundosimulacronac&#8230;<\/a><\/p>\n\n\n\n<p class=\"wp-block-paragraph\">El objetivo es fortalecer las capacidades de reacci\u00f3n de la poblaci\u00f3n, mejorar los planes y protocolos de emergencia y fomentar una mayor participaci\u00f3n de todos los sectores de la sociedad ante la eventualidad de un desastre.<\/p>\n\n\n\n<p class=\"wp-block-paragraph\">Fortalezcamos nuestra preparaci\u00f3n, mejoremos nuestros planes de emergencia y fomentemos la cultura de la prevenci\u00f3n.<\/p>\n","protected":false},"excerpt":{"rendered":"<p>\u2022 Se realizar\u00e1 el pr\u00f3ximo 19 de septiembre a las 12:00 horas, bajo la hip\u00f3tesis de un sismo de magnitud 7.6 con epicentro en Tonal\u00e1, Chiapas Tuxtla Guti\u00e9rrez, Chiapas; 30 de agosto de 2026.- La Secretar\u00eda de Protecci\u00f3n Civil del Gobierno del Estado invita a las y los chiapanecos a participar activamente en el Segundo [&hellip;]<\/p>\n","protected":false},"author":1,"featured_media":151569,"comment_status":"closed","ping_status":"closed","sticky":false,"template":"","format":"standard","meta":{"footnotes":""},"categories":[1],"tags":[],"class_list":["post-151568","post","type-post","status-publish","format-standard","has-post-thumbnail","hentry","category-general"],"_links":{"self":[{"href":"https:\/\/elobservadorzonanorte.com.mx\/index.php?rest_route=\/wp\/v2\/posts\/151568","targetHints":{"allow":["GET"]}}],"collection":[{"href":"https:\/\/elobservadorzonanorte.com.mx\/index.php?rest_route=\/wp\/v2\/posts"}],"about":[{"href":"https:\/\/elobservadorzonanorte.com.mx\/index.php?rest_route=\/wp\/v2\/types\/post"}],"author":[{"embeddable":true,"href":"https:\/\/elobservadorzonanorte.com.mx\/index.php?rest_route=\/wp\/v2\/users\/1"}],"replies":[{"embeddable":true,"href":"https:\/\/elobservadorzonanorte.com.mx\/index.php?rest_route=%2Fwp%2Fv2%2Fcomments&post=151568"}],"version-history":[{"count":1,"href":"https:\/\/elobservadorzonanorte.com.mx\/index.php?rest_route=\/wp\/v2\/posts\/151568\/revisions"}],"predecessor-version":[{"id":151570,"href":"https:\/\/elobservadorzonanorte.com.mx\/index.php?rest_route=\/wp\/v2\/posts\/151568\/revisions\/151570"}],"wp:featuredmedia":[{"embeddable":true,"href":"https:\/\/elobservadorzonanorte.com.mx\/index.php?rest_route=\/wp\/v2\/media\/151569"}],"wp:attachment":[{"href":"https:\/\/elobservadorzonanorte.com.mx\/index.php?rest_route=%2Fwp%2Fv2%2Fmedia&parent=151568"}],"wp:term":[{"taxonomy":"category","embeddable":true,"href":"https:\/\/elobservadorzonanorte.com.mx\/index.php?rest_route=%2Fwp%2Fv2%2Fcategories&post=151568"},{"taxonomy":"post_tag","embeddable":true,"href":"https:\/\/elobservadorzonanorte.com.mx\/index.php?rest_route=%2Fwp%2Fv2%2Ftags&post=151568"}],"curies":[{"name":"wp","href":"https:\/\/api.w.org\/{rel}","templated":true}]}}