{"id":151500,"date":"2026-08-31T03:17:43","date_gmt":"2026-08-31T03:17:43","guid":{"rendered":"https:\/\/elobservadorzonanorte.com.mx\/?p=151500"},"modified":"2026-08-31T03:17:44","modified_gmt":"2026-08-31T03:17:44","slug":"eduardo-ramirez-participa-en-clausura-del-4o-campamento-nacional-de-formacion-politica-para-jovenes-de-morena-2","status":"publish","type":"post","link":"https:\/\/elobservadorzonanorte.com.mx\/?p=151500","title":{"rendered":"*Eduardo Ram\u00edrez participa en clausura del 4\u00ba Campamento Nacional de Formaci\u00f3n Pol\u00edtica para J\u00f3venes de Morena*"},"content":{"rendered":"<p><iframe loading=\"lazy\" src=\"https:\/\/www.facebook.com\/plugins\/video.php?height=476&#038;href=https%3A%2F%2Fwww.facebook.com%2Freel%2F1375156081353960%2F&#038;show_text=false&#038;width=267&#038;t=0\" width=\"267\" height=\"476\" style=\"border:none;overflow:hidden\" scrolling=\"no\" frameborder=\"0\" allowfullscreen=\"true\" allow=\"autoplay; clipboard-write; encrypted-media; picture-in-picture; web-share\" allowFullScreen=\"true\"><\/iframe><\/p>\n\n\n\n<p class=\"wp-block-paragraph\">En Palenque, el gobernador Eduardo Ram\u00edrez Aguilar particip\u00f3 en la clausura del 4\u00ba Campamento Nacional de Formaci\u00f3n Pol\u00edtica para J\u00f3venes de Morena, donde se reunieron juventudes de Chiapas, Campeche, Oaxaca, Quintana Roo, Tabasco, Veracruz y Yucat\u00e1n. Durante el encuentro, reconoci\u00f3 su talento, entusiasmo y firme convicci\u00f3n de contribuir a la transformaci\u00f3n de sus entidades y del pa\u00eds.<\/p>\n\n\n\n<p class=\"wp-block-paragraph\">Asimismo, el mandatario agradeci\u00f3 a la secretaria general del Comit\u00e9 Ejecutivo Nacional (CEN) de Morena, Carolina Rangel Gracida, y al secretario de J\u00f3venes del CEN de Morena, Aar\u00f3n Enr\u00edquez Garc\u00eda, por la invitaci\u00f3n a este campamento, que promueve la formaci\u00f3n de nuevas generaciones, a quienes exhort\u00f3 a luchar por sus sue\u00f1os y ejercer la pol\u00edtica con humanismo y vocaci\u00f3n de servicio. Al evento tambi\u00e9n asisti\u00f3 el gobernador de Tabasco, Javier May Rodr\u00edguez.<\/p>\n\n\n\n<p class=\"wp-block-paragraph\">Ver menos<\/p>\n\n\n\n<figure class=\"wp-block-video\"><\/figure>\n","protected":false},"excerpt":{"rendered":"<p>En Palenque, el gobernador Eduardo Ram\u00edrez Aguilar particip\u00f3 en la clausura del 4\u00ba Campamento Nacional de Formaci\u00f3n Pol\u00edtica para J\u00f3venes de Morena, donde se reunieron juventudes de Chiapas, Campeche, Oaxaca, Quintana Roo, Tabasco, Veracruz y Yucat\u00e1n. Durante el encuentro, reconoci\u00f3 su talento, entusiasmo y firme convicci\u00f3n de contribuir a la transformaci\u00f3n de sus entidades y [&hellip;]<\/p>\n","protected":false},"author":1,"featured_media":0,"comment_status":"closed","ping_status":"closed","sticky":false,"template":"","format":"standard","meta":{"footnotes":""},"categories":[1],"tags":[],"class_list":["post-151500","post","type-post","status-publish","format-standard","hentry","category-general"],"_links":{"self":[{"href":"https:\/\/elobservadorzonanorte.com.mx\/index.php?rest_route=\/wp\/v2\/posts\/151500","targetHints":{"allow":["GET"]}}],"collection":[{"href":"https:\/\/elobservadorzonanorte.com.mx\/index.php?rest_route=\/wp\/v2\/posts"}],"about":[{"href":"https:\/\/elobservadorzonanorte.com.mx\/index.php?rest_route=\/wp\/v2\/types\/post"}],"author":[{"embeddable":true,"href":"https:\/\/elobservadorzonanorte.com.mx\/index.php?rest_route=\/wp\/v2\/users\/1"}],"replies":[{"embeddable":true,"href":"https:\/\/elobservadorzonanorte.com.mx\/index.php?rest_route=%2Fwp%2Fv2%2Fcomments&post=151500"}],"version-history":[{"count":1,"href":"https:\/\/elobservadorzonanorte.com.mx\/index.php?rest_route=\/wp\/v2\/posts\/151500\/revisions"}],"predecessor-version":[{"id":151557,"href":"https:\/\/elobservadorzonanorte.com.mx\/index.php?rest_route=\/wp\/v2\/posts\/151500\/revisions\/151557"}],"wp:attachment":[{"href":"https:\/\/elobservadorzonanorte.com.mx\/index.php?rest_route=%2Fwp%2Fv2%2Fmedia&parent=151500"}],"wp:term":[{"taxonomy":"category","embeddable":true,"href":"https:\/\/elobservadorzonanorte.com.mx\/index.php?rest_route=%2Fwp%2Fv2%2Fcategories&post=151500"},{"taxonomy":"post_tag","embeddable":true,"href":"https:\/\/elobservadorzonanorte.com.mx\/index.php?rest_route=%2Fwp%2Fv2%2Ftags&post=151500"}],"curies":[{"name":"wp","href":"https:\/\/api.w.org\/{rel}","templated":true}]}}