{"id":151499,"date":"2026-08-31T03:17:22","date_gmt":"2026-08-31T03:17:22","guid":{"rendered":"https:\/\/elobservadorzonanorte.com.mx\/?p=151499"},"modified":"2026-08-31T03:17:23","modified_gmt":"2026-08-31T03:17:23","slug":"con-apoyos-directos-a-las-y-los-emprendedores-eduardo-ramirez-fortalece-el-autoempleo-y-la-economia-familiar-2","status":"publish","type":"post","link":"https:\/\/elobservadorzonanorte.com.mx\/?p=151499","title":{"rendered":"*Con apoyos directos a las y los emprendedores, Eduardo Ram\u00edrez fortalece el autoempleo y la econom\u00eda familiar*"},"content":{"rendered":"<p><iframe loading=\"lazy\" src=\"https:\/\/www.facebook.com\/plugins\/video.php?height=476&#038;href=https%3A%2F%2Fwww.facebook.com%2Freel%2F1537823114326147%2F&#038;show_text=false&#038;width=267&#038;t=0\" width=\"267\" height=\"476\" style=\"border:none;overflow:hidden\" scrolling=\"no\" frameborder=\"0\" allowfullscreen=\"true\" allow=\"autoplay; clipboard-write; encrypted-media; picture-in-picture; web-share\" allowFullScreen=\"true\"><\/iframe><\/p>\n\n\n\n<p class=\"wp-block-paragraph\">Con el prop\u00f3sito de impulsar los peque\u00f1os negocios y respaldar a emprendedoras y emprendedores, el gobernador Eduardo Ram\u00edrez Aguilar encabez\u00f3 la entrega de apoyos a micronegocios, como parte del programa Prosperidad Icatech 2026, en Tuxtla Guti\u00e9rrez, donde destac\u00f3 que estas acciones fomentan el autoempleo y contribuyen a fortalecer la econom\u00eda de Chiapas.<\/p>\n\n\n\n<p class=\"wp-block-paragraph\">En este marco, asegur\u00f3 que su gobierno entrega los recursos de manera directa, para que cada persona pueda destinarlos a las necesidades prioritarias de su negocio, y refrend\u00f3 su compromiso de seguir apoyando a quienes buscan salir adelante junto con sus familias. Asimismo, anunci\u00f3 que las y los beneficiarios ser\u00e1n incorporados al padr\u00f3n de seguridad social, lo que les permitir\u00e1 acceder a servicios de salud.<\/p>\n\n\n\n<p class=\"wp-block-paragraph\">Ver menos<\/p>\n\n\n\n<figure class=\"wp-block-video\"><\/figure>\n","protected":false},"excerpt":{"rendered":"<p>Con el prop\u00f3sito de impulsar los peque\u00f1os negocios y respaldar a emprendedoras y emprendedores, el gobernador Eduardo Ram\u00edrez Aguilar encabez\u00f3 la entrega de apoyos a micronegocios, como parte del programa Prosperidad Icatech 2026, en Tuxtla Guti\u00e9rrez, donde destac\u00f3 que estas acciones fomentan el autoempleo y contribuyen a fortalecer la econom\u00eda de Chiapas. En este marco, [&hellip;]<\/p>\n","protected":false},"author":1,"featured_media":0,"comment_status":"closed","ping_status":"closed","sticky":false,"template":"","format":"standard","meta":{"footnotes":""},"categories":[1],"tags":[],"class_list":["post-151499","post","type-post","status-publish","format-standard","hentry","category-general"],"_links":{"self":[{"href":"https:\/\/elobservadorzonanorte.com.mx\/index.php?rest_route=\/wp\/v2\/posts\/151499","targetHints":{"allow":["GET"]}}],"collection":[{"href":"https:\/\/elobservadorzonanorte.com.mx\/index.php?rest_route=\/wp\/v2\/posts"}],"about":[{"href":"https:\/\/elobservadorzonanorte.com.mx\/index.php?rest_route=\/wp\/v2\/types\/post"}],"author":[{"embeddable":true,"href":"https:\/\/elobservadorzonanorte.com.mx\/index.php?rest_route=\/wp\/v2\/users\/1"}],"replies":[{"embeddable":true,"href":"https:\/\/elobservadorzonanorte.com.mx\/index.php?rest_route=%2Fwp%2Fv2%2Fcomments&post=151499"}],"version-history":[{"count":1,"href":"https:\/\/elobservadorzonanorte.com.mx\/index.php?rest_route=\/wp\/v2\/posts\/151499\/revisions"}],"predecessor-version":[{"id":151556,"href":"https:\/\/elobservadorzonanorte.com.mx\/index.php?rest_route=\/wp\/v2\/posts\/151499\/revisions\/151556"}],"wp:attachment":[{"href":"https:\/\/elobservadorzonanorte.com.mx\/index.php?rest_route=%2Fwp%2Fv2%2Fmedia&parent=151499"}],"wp:term":[{"taxonomy":"category","embeddable":true,"href":"https:\/\/elobservadorzonanorte.com.mx\/index.php?rest_route=%2Fwp%2Fv2%2Fcategories&post=151499"},{"taxonomy":"post_tag","embeddable":true,"href":"https:\/\/elobservadorzonanorte.com.mx\/index.php?rest_route=%2Fwp%2Fv2%2Ftags&post=151499"}],"curies":[{"name":"wp","href":"https:\/\/api.w.org\/{rel}","templated":true}]}}