{"id":151498,"date":"2026-08-31T03:16:59","date_gmt":"2026-08-31T03:16:59","guid":{"rendered":"https:\/\/elobservadorzonanorte.com.mx\/?p=151498"},"modified":"2026-08-31T03:16:59","modified_gmt":"2026-08-31T03:16:59","slug":"eduardo-ramirez-participa-en-clausura-del-4o-campamento-nacional-de-formacion-politica-para-jovenes-de-morena","status":"publish","type":"post","link":"https:\/\/elobservadorzonanorte.com.mx\/?p=151498","title":{"rendered":"*Eduardo Ram\u00edrez participa en clausura del 4\u00ba Campamento Nacional de Formaci\u00f3n Pol\u00edtica para J\u00f3venes de Morena*"},"content":{"rendered":"\n<figure class=\"wp-block-image size-full\"><img decoding=\"async\" width=\"590\" height=\"394\" src=\"https:\/\/elobservadorzonanorte.com.mx\/wp-content\/uploads\/2026\/08\/imagen-623.png\" alt=\"\" class=\"wp-image-151552\" srcset=\"https:\/\/elobservadorzonanorte.com.mx\/wp-content\/uploads\/2026\/08\/imagen-623.png 590w, https:\/\/elobservadorzonanorte.com.mx\/wp-content\/uploads\/2026\/08\/imagen-623-300x200.png 300w\" sizes=\"(max-width: 590px) 100vw, 590px\" \/><\/figure>\n\n\n\n<figure class=\"wp-block-image size-full\"><img decoding=\"async\" width=\"590\" height=\"393\" src=\"https:\/\/elobservadorzonanorte.com.mx\/wp-content\/uploads\/2026\/08\/imagen-624.png\" alt=\"\" class=\"wp-image-151553\" srcset=\"https:\/\/elobservadorzonanorte.com.mx\/wp-content\/uploads\/2026\/08\/imagen-624.png 590w, https:\/\/elobservadorzonanorte.com.mx\/wp-content\/uploads\/2026\/08\/imagen-624-300x200.png 300w\" sizes=\"(max-width: 590px) 100vw, 590px\" \/><\/figure>\n\n\n\n<figure class=\"wp-block-image size-full\"><img decoding=\"async\" width=\"590\" height=\"393\" src=\"https:\/\/elobservadorzonanorte.com.mx\/wp-content\/uploads\/2026\/08\/imagen-625.png\" alt=\"\" class=\"wp-image-151554\" srcset=\"https:\/\/elobservadorzonanorte.com.mx\/wp-content\/uploads\/2026\/08\/imagen-625.png 590w, https:\/\/elobservadorzonanorte.com.mx\/wp-content\/uploads\/2026\/08\/imagen-625-300x200.png 300w\" sizes=\"(max-width: 590px) 100vw, 590px\" \/><\/figure>\n\n\n\n<p class=\"wp-block-paragraph\">&#8211; En el encuentro, realizado en Palenque, participaron juventudes de Chiapas, Campeche, Oaxaca, Quintana Roo, Tabasco, Veracruz y Yucat\u00e1n<\/p>\n\n\n\n<p class=\"wp-block-paragraph\">El gobernador Eduardo Ram\u00edrez Aguilar asisti\u00f3 a la clausura del 4\u00ba Campamento Nacional de Formaci\u00f3n Pol\u00edtica para J\u00f3venes de Morena, realizado en el municipio de Palenque, donde participaron juventudes de Chiapas, Campeche, Oaxaca, Quintana Roo, Tabasco, Veracruz y Yucat\u00e1n. Durante el encuentro, reconoci\u00f3 su talento, entusiasmo y firme convicci\u00f3n de contribuir a la transformaci\u00f3n de sus entidades y del pa\u00eds.<\/p>\n\n\n\n<p class=\"wp-block-paragraph\">En este marco, el mandatario agradeci\u00f3 a la secretaria general del Comit\u00e9 Ejecutivo Nacional (CEN) de Morena, Carolina Rangel Gracida, y al secretario de J\u00f3venes del CEN de Morena, Aar\u00f3n Enr\u00edquez Garc\u00eda, por la invitaci\u00f3n a este campamento, que promueve la formaci\u00f3n de nuevas generaciones comprometidas con la patria, la defensa de la soberan\u00eda y su participaci\u00f3n en la vida p\u00fablica de M\u00e9xico. Asimismo, exhort\u00f3 a las y los j\u00f3venes a luchar por sus sue\u00f1os y ejercer la pol\u00edtica con humanismo y vocaci\u00f3n de servicio.<\/p>\n\n\n\n<p class=\"wp-block-paragraph\">\u201cAbanderen causas, no aspiraciones personales, que pueden ser leg\u00edtimas, pero la causa est\u00e1 por encima de todo. Eso es lo que privilegiamos en Morena: el humanismo. Cuando lleguen a cargos p\u00fablicos, no olviden tres cosas: se gobierna y se representa a personas; hay que actuar siempre con la ley en la mano, y el poder tiene fecha de caducidad, es temporal y no es herencia absoluta. Les dejo estas reflexiones para que juntos construyamos una mejor patria desde el sur de M\u00e9xico\u201d, expres\u00f3.<\/p>\n\n\n\n<p class=\"wp-block-paragraph\">La secretaria general del Comit\u00e9 Ejecutivo Nacional de Morena, Carolina Rangel Gracida, manifest\u00f3 el respaldo de la dirigencia nacional al trabajo territorial que se desarrolla en el estado de Chiapas, particularmente en la tarea de impulsar el relevo generacional, al considerar que las juventudes son la esperanza de M\u00e9xico.<\/p>\n\n\n\n<p class=\"wp-block-paragraph\">El secretario de J\u00f3venes del CEN de Morena, Aar\u00f3n Enr\u00edquez Garc\u00eda, se\u00f1al\u00f3 que las juventudes han sido pieza fundamental en la construcci\u00f3n de la transformaci\u00f3n de la vida p\u00fablica del pa\u00eds. Adelant\u00f3 que, como seguimiento a este encuentro, se realizar\u00e1n 32 campamentos estatales de formaci\u00f3n pol\u00edtica para j\u00f3venes, con la misi\u00f3n de fortalecer su preparaci\u00f3n, ampliar sus conocimientos, recorrer el territorio y contribuir a este proyecto.<\/p>\n\n\n\n<p class=\"wp-block-paragraph\">El gobernador de Tabasco, Javier May Rodr\u00edguez, sostuvo que la participaci\u00f3n de las nuevas generaciones no solo se refleja en el territorio o en los programas sociales, sino tambi\u00e9n en la aportaci\u00f3n de ideas y en la ocupaci\u00f3n de mayores espacios de decisi\u00f3n y representaci\u00f3n, as\u00ed como en la defensa de las causas de la justicia, la democracia y la prosperidad compartida. Las y los convoc\u00f3 a continuar con la construcci\u00f3n de la revoluci\u00f3n de las conciencias, hacer frente a la desinformaci\u00f3n y actuar con rectitud, sin tomar distancia de la realidad que se vive en el territorio.<\/p>\n\n\n\n<p class=\"wp-block-paragraph\">En el encuentro estuvieron presentes la secretaria de Mujeres del CEN de Morena, Adriana Grajales G\u00f3mez; el presidente del Comit\u00e9 Ejecutivo Estatal de Morena, Carlos Molina Velasco; la secretaria general de Gobierno y Mediaci\u00f3n del estado de Chiapas, Dulce Mar\u00eda Rodr\u00edguez Ovando; y la secretaria de Infraestructura, Anakaren G\u00f3mez Zuart; entre otras personas invitadas.<\/p>\n","protected":false},"excerpt":{"rendered":"<p>&#8211; En el encuentro, realizado en Palenque, participaron juventudes de Chiapas, Campeche, Oaxaca, Quintana Roo, Tabasco, Veracruz y Yucat\u00e1n El gobernador Eduardo Ram\u00edrez Aguilar asisti\u00f3 a la clausura del 4\u00ba Campamento Nacional de Formaci\u00f3n Pol\u00edtica para J\u00f3venes de Morena, realizado en el municipio de Palenque, donde participaron juventudes de Chiapas, Campeche, Oaxaca, Quintana Roo, Tabasco, [&hellip;]<\/p>\n","protected":false},"author":1,"featured_media":151553,"comment_status":"closed","ping_status":"closed","sticky":false,"template":"","format":"standard","meta":{"footnotes":""},"categories":[1],"tags":[],"class_list":["post-151498","post","type-post","status-publish","format-standard","has-post-thumbnail","hentry","category-general"],"_links":{"self":[{"href":"https:\/\/elobservadorzonanorte.com.mx\/index.php?rest_route=\/wp\/v2\/posts\/151498","targetHints":{"allow":["GET"]}}],"collection":[{"href":"https:\/\/elobservadorzonanorte.com.mx\/index.php?rest_route=\/wp\/v2\/posts"}],"about":[{"href":"https:\/\/elobservadorzonanorte.com.mx\/index.php?rest_route=\/wp\/v2\/types\/post"}],"author":[{"embeddable":true,"href":"https:\/\/elobservadorzonanorte.com.mx\/index.php?rest_route=\/wp\/v2\/users\/1"}],"replies":[{"embeddable":true,"href":"https:\/\/elobservadorzonanorte.com.mx\/index.php?rest_route=%2Fwp%2Fv2%2Fcomments&post=151498"}],"version-history":[{"count":1,"href":"https:\/\/elobservadorzonanorte.com.mx\/index.php?rest_route=\/wp\/v2\/posts\/151498\/revisions"}],"predecessor-version":[{"id":151555,"href":"https:\/\/elobservadorzonanorte.com.mx\/index.php?rest_route=\/wp\/v2\/posts\/151498\/revisions\/151555"}],"wp:featuredmedia":[{"embeddable":true,"href":"https:\/\/elobservadorzonanorte.com.mx\/index.php?rest_route=\/wp\/v2\/media\/151553"}],"wp:attachment":[{"href":"https:\/\/elobservadorzonanorte.com.mx\/index.php?rest_route=%2Fwp%2Fv2%2Fmedia&parent=151498"}],"wp:term":[{"taxonomy":"category","embeddable":true,"href":"https:\/\/elobservadorzonanorte.com.mx\/index.php?rest_route=%2Fwp%2Fv2%2Fcategories&post=151498"},{"taxonomy":"post_tag","embeddable":true,"href":"https:\/\/elobservadorzonanorte.com.mx\/index.php?rest_route=%2Fwp%2Fv2%2Ftags&post=151498"}],"curies":[{"name":"wp","href":"https:\/\/api.w.org\/{rel}","templated":true}]}}