{"id":151497,"date":"2026-08-31T03:16:30","date_gmt":"2026-08-31T03:16:30","guid":{"rendered":"https:\/\/elobservadorzonanorte.com.mx\/?p=151497"},"modified":"2026-08-31T03:16:31","modified_gmt":"2026-08-31T03:16:31","slug":"con-apoyos-directos-a-las-y-los-emprendedores-eduardo-ramirez-fortalece-el-autoempleo-y-la-economia-familiar","status":"publish","type":"post","link":"https:\/\/elobservadorzonanorte.com.mx\/?p=151497","title":{"rendered":"*Con apoyos directos a las y los emprendedores, Eduardo Ram\u00edrez fortalece el autoempleo y la econom\u00eda familiar*"},"content":{"rendered":"\n<figure class=\"wp-block-image size-full\"><img decoding=\"async\" width=\"590\" height=\"393\" src=\"https:\/\/elobservadorzonanorte.com.mx\/wp-content\/uploads\/2026\/08\/imagen-620.png\" alt=\"\" class=\"wp-image-151548\" srcset=\"https:\/\/elobservadorzonanorte.com.mx\/wp-content\/uploads\/2026\/08\/imagen-620.png 590w, https:\/\/elobservadorzonanorte.com.mx\/wp-content\/uploads\/2026\/08\/imagen-620-300x200.png 300w\" sizes=\"(max-width: 590px) 100vw, 590px\" \/><\/figure>\n\n\n\n<figure class=\"wp-block-image size-full\"><img decoding=\"async\" width=\"590\" height=\"393\" src=\"https:\/\/elobservadorzonanorte.com.mx\/wp-content\/uploads\/2026\/08\/imagen-621.png\" alt=\"\" class=\"wp-image-151549\" srcset=\"https:\/\/elobservadorzonanorte.com.mx\/wp-content\/uploads\/2026\/08\/imagen-621.png 590w, https:\/\/elobservadorzonanorte.com.mx\/wp-content\/uploads\/2026\/08\/imagen-621-300x200.png 300w\" sizes=\"(max-width: 590px) 100vw, 590px\" \/><\/figure>\n\n\n\n<figure class=\"wp-block-image size-full\"><img decoding=\"async\" width=\"590\" height=\"393\" src=\"https:\/\/elobservadorzonanorte.com.mx\/wp-content\/uploads\/2026\/08\/imagen-622.png\" alt=\"\" class=\"wp-image-151550\" srcset=\"https:\/\/elobservadorzonanorte.com.mx\/wp-content\/uploads\/2026\/08\/imagen-622.png 590w, https:\/\/elobservadorzonanorte.com.mx\/wp-content\/uploads\/2026\/08\/imagen-622-300x200.png 300w\" sizes=\"(max-width: 590px) 100vw, 590px\" \/><\/figure>\n\n\n\n<p class=\"wp-block-paragraph\">En Tuxtla Guti\u00e9rrez, el gobernador Eduardo Ram\u00edrez Aguilar encabez\u00f3 la entrega de apoyos a micronegocios, como parte del programa Prosperidad Icatech 2026, cuyo prop\u00f3sito es impulsar los peque\u00f1os negocios y respaldar a emprendedoras y emprendedores. En este marco, destac\u00f3 que estas acciones fomentan el autoempleo y contribuyen al fortalecimiento de la econom\u00eda de Chiapas.<\/p>\n\n\n\n<p class=\"wp-block-paragraph\">Ante las y los beneficiarios, reunidos en el Polyforum Chiapas, Ram\u00edrez Aguilar se\u00f1al\u00f3 que el gobierno de la Nueva ERA entrega los recursos de manera directa para que cada persona pueda destinarlos a las necesidades que considere prioritarias para fortalecer su negocio. Asegur\u00f3 que su administraci\u00f3n continuar\u00e1 respaldando a quienes tienen el deseo de salir adelante junto con sus familias.<\/p>\n\n\n\n<p class=\"wp-block-paragraph\">\u201cLos apoyamos directamente porque ustedes se autoemplean y hacen crecer su negocio. Ponen su dinero para comprar su mercanc\u00eda o productos; incluso, rentan espacios para realizar su trabajo. Yo creo en las y los emprendedores\u201d, expres\u00f3 al anunciar que ser\u00e1n incorporados al padr\u00f3n de seguridad social, lo que les permitir\u00e1 acceder a servicios de salud.<\/p>\n\n\n\n<p class=\"wp-block-paragraph\">La presidenta de la Mesa Directiva del Congreso del Estado, Marcela Castillo Atristain, reconoci\u00f3 al gobierno de la Nueva ERA por la entrega directa de apoyos que contribuyen a mejorar la econom\u00eda familiar, principalmente de las mujeres, quienes representan la mayor\u00eda de las beneficiarias. Asimismo, adelant\u00f3 que pr\u00f3ximamente se impulsar\u00e1n reformas para ampliar la participaci\u00f3n de las mujeres en la vida p\u00fablica, libres de violencia y al frente de instituciones y municipios.<\/p>\n\n\n\n<p class=\"wp-block-paragraph\">El director general del Instituto de Capacitaci\u00f3n y Vinculaci\u00f3n Tecnol\u00f3gica del Estado de Chiapas (Icatech), C\u00e9sar Espinosa Morales, detall\u00f3 que, mediante el programa Prosperidad Icatech 2026, Apoyo a Micronegocios, se otorgan apoyos de 6 mil pesos a fondo perdido a m\u00e1s de 3 mil 700 personas, con una inversi\u00f3n superior a 22 millones de pesos. Explic\u00f3 que la asignaci\u00f3n se realiz\u00f3 mediante un proceso de censo y verificaci\u00f3n en territorio, a fin de garantizar que los recursos lleguen a quienes realmente los necesitan.<\/p>\n\n\n\n<p class=\"wp-block-paragraph\">El fiscal general del Estado, Jorge Luis Llaven Abarca, resalt\u00f3 la importancia de fortalecer los negocios familiares mediante este tipo de apoyos, al considerar que contribuyen a generar mejores oportunidades para las nuevas generaciones. A\u00f1adi\u00f3 que la prosperidad tambi\u00e9n implica seguridad y bienestar familiar, por lo que llam\u00f3 a aprovechar responsablemente los recursos y fomentar ambientes de respeto e igualdad en los hogares.<\/p>\n\n\n\n<p class=\"wp-block-paragraph\">En representaci\u00f3n de las y los microempresarios beneficiados, la comerciante Noem\u00ed de Jes\u00fas Urbina Hern\u00e1ndez agradeci\u00f3 al gobernador Eduardo Ram\u00edrez y al director del Icatech el apoyo recibido, al se\u00f1alar que representa una oportunidad para fortalecer sus negocios y brindar mayor tranquilidad a sus familias. Consider\u00f3 que estas acciones reflejan a un gobierno que escucha y atiende a quienes m\u00e1s lo necesitan, y afirm\u00f3 que, cuando se conf\u00eda y se respalda al pueblo, tambi\u00e9n renace la esperanza.<\/p>\n\n\n\n<p class=\"wp-block-paragraph\">En el acto estuvieron presentes personas emprendedoras y microempresarias beneficiarias de diversas colonias de Tuxtla Guti\u00e9rrez.<\/p>\n","protected":false},"excerpt":{"rendered":"<p>En Tuxtla Guti\u00e9rrez, el gobernador Eduardo Ram\u00edrez Aguilar encabez\u00f3 la entrega de apoyos a micronegocios, como parte del programa Prosperidad Icatech 2026, cuyo prop\u00f3sito es impulsar los peque\u00f1os negocios y respaldar a emprendedoras y emprendedores. En este marco, destac\u00f3 que estas acciones fomentan el autoempleo y contribuyen al fortalecimiento de la econom\u00eda de Chiapas. Ante [&hellip;]<\/p>\n","protected":false},"author":1,"featured_media":151548,"comment_status":"closed","ping_status":"closed","sticky":false,"template":"","format":"standard","meta":{"footnotes":""},"categories":[1],"tags":[],"class_list":["post-151497","post","type-post","status-publish","format-standard","has-post-thumbnail","hentry","category-general"],"_links":{"self":[{"href":"https:\/\/elobservadorzonanorte.com.mx\/index.php?rest_route=\/wp\/v2\/posts\/151497","targetHints":{"allow":["GET"]}}],"collection":[{"href":"https:\/\/elobservadorzonanorte.com.mx\/index.php?rest_route=\/wp\/v2\/posts"}],"about":[{"href":"https:\/\/elobservadorzonanorte.com.mx\/index.php?rest_route=\/wp\/v2\/types\/post"}],"author":[{"embeddable":true,"href":"https:\/\/elobservadorzonanorte.com.mx\/index.php?rest_route=\/wp\/v2\/users\/1"}],"replies":[{"embeddable":true,"href":"https:\/\/elobservadorzonanorte.com.mx\/index.php?rest_route=%2Fwp%2Fv2%2Fcomments&post=151497"}],"version-history":[{"count":1,"href":"https:\/\/elobservadorzonanorte.com.mx\/index.php?rest_route=\/wp\/v2\/posts\/151497\/revisions"}],"predecessor-version":[{"id":151551,"href":"https:\/\/elobservadorzonanorte.com.mx\/index.php?rest_route=\/wp\/v2\/posts\/151497\/revisions\/151551"}],"wp:featuredmedia":[{"embeddable":true,"href":"https:\/\/elobservadorzonanorte.com.mx\/index.php?rest_route=\/wp\/v2\/media\/151548"}],"wp:attachment":[{"href":"https:\/\/elobservadorzonanorte.com.mx\/index.php?rest_route=%2Fwp%2Fv2%2Fmedia&parent=151497"}],"wp:term":[{"taxonomy":"category","embeddable":true,"href":"https:\/\/elobservadorzonanorte.com.mx\/index.php?rest_route=%2Fwp%2Fv2%2Fcategories&post=151497"},{"taxonomy":"post_tag","embeddable":true,"href":"https:\/\/elobservadorzonanorte.com.mx\/index.php?rest_route=%2Fwp%2Fv2%2Ftags&post=151497"}],"curies":[{"name":"wp","href":"https:\/\/api.w.org\/{rel}","templated":true}]}}