{"id":151493,"date":"2026-08-31T03:13:38","date_gmt":"2026-08-31T03:13:38","guid":{"rendered":"https:\/\/elobservadorzonanorte.com.mx\/?p=151493"},"modified":"2026-08-31T03:13:39","modified_gmt":"2026-08-31T03:13:39","slug":"en-palenque-asisti-al-4-o-campamento-nacional-de-formacion-politica-para-jovenes-de-morena-que-reunio-a-juventudes-de-campeche-chiapas-oaxaca-quintana-roo-tabasco-veracruz-y-yucatan","status":"publish","type":"post","link":"https:\/\/elobservadorzonanorte.com.mx\/?p=151493","title":{"rendered":"En Palenque asist\u00ed al 4.\u00ba Campamento Nacional de Formaci\u00f3n Pol\u00edtica para J\u00f3venes de Morena, que reuni\u00f3 a juventudes de Campeche, Chiapas, Oaxaca, Quintana Roo, Tabasco, Veracruz y Yucat\u00e1n."},"content":{"rendered":"\n<figure class=\"wp-block-image size-full\"><img decoding=\"async\" width=\"590\" height=\"393\" src=\"https:\/\/elobservadorzonanorte.com.mx\/wp-content\/uploads\/2026\/08\/imagen-610.png\" alt=\"\" class=\"wp-image-151532\" srcset=\"https:\/\/elobservadorzonanorte.com.mx\/wp-content\/uploads\/2026\/08\/imagen-610.png 590w, https:\/\/elobservadorzonanorte.com.mx\/wp-content\/uploads\/2026\/08\/imagen-610-300x200.png 300w\" sizes=\"(max-width: 590px) 100vw, 590px\" \/><\/figure>\n\n\n\n<figure class=\"wp-block-image size-full\"><img decoding=\"async\" width=\"590\" height=\"394\" src=\"https:\/\/elobservadorzonanorte.com.mx\/wp-content\/uploads\/2026\/08\/imagen-611.png\" alt=\"\" class=\"wp-image-151533\" srcset=\"https:\/\/elobservadorzonanorte.com.mx\/wp-content\/uploads\/2026\/08\/imagen-611.png 590w, https:\/\/elobservadorzonanorte.com.mx\/wp-content\/uploads\/2026\/08\/imagen-611-300x200.png 300w\" sizes=\"(max-width: 590px) 100vw, 590px\" \/><\/figure>\n\n\n\n<figure class=\"wp-block-image size-full\"><img decoding=\"async\" width=\"590\" height=\"394\" src=\"https:\/\/elobservadorzonanorte.com.mx\/wp-content\/uploads\/2026\/08\/imagen-612.png\" alt=\"\" class=\"wp-image-151534\" srcset=\"https:\/\/elobservadorzonanorte.com.mx\/wp-content\/uploads\/2026\/08\/imagen-612.png 590w, https:\/\/elobservadorzonanorte.com.mx\/wp-content\/uploads\/2026\/08\/imagen-612-300x200.png 300w\" sizes=\"(max-width: 590px) 100vw, 590px\" \/><\/figure>\n\n\n\n<p class=\"wp-block-paragraph\">Fue un gusto acompa\u00f1ar a nuestro gobernador Eduardo Ram\u00edrez y coincidir con importantes liderazgos de Morena y del sureste mexicano.<\/p>\n\n\n\n<p class=\"wp-block-paragraph\">El futuro de la patria se construye con conciencia, convicciones, participaci\u00f3n y en territorio, en las juventudes est\u00e1 la fuerza para seguir haciendo realidad la transformaci\u00f3n de M\u00e9xico.<\/p>\n","protected":false},"excerpt":{"rendered":"<p>Fue un gusto acompa\u00f1ar a nuestro gobernador Eduardo Ram\u00edrez y coincidir con importantes liderazgos de Morena y del sureste mexicano. El futuro de la patria se construye con conciencia, convicciones, participaci\u00f3n y en territorio, en las juventudes est\u00e1 la fuerza para seguir haciendo realidad la transformaci\u00f3n de M\u00e9xico.<\/p>\n","protected":false},"author":1,"featured_media":151533,"comment_status":"closed","ping_status":"closed","sticky":false,"template":"","format":"standard","meta":{"footnotes":""},"categories":[1],"tags":[],"class_list":["post-151493","post","type-post","status-publish","format-standard","has-post-thumbnail","hentry","category-general"],"_links":{"self":[{"href":"https:\/\/elobservadorzonanorte.com.mx\/index.php?rest_route=\/wp\/v2\/posts\/151493","targetHints":{"allow":["GET"]}}],"collection":[{"href":"https:\/\/elobservadorzonanorte.com.mx\/index.php?rest_route=\/wp\/v2\/posts"}],"about":[{"href":"https:\/\/elobservadorzonanorte.com.mx\/index.php?rest_route=\/wp\/v2\/types\/post"}],"author":[{"embeddable":true,"href":"https:\/\/elobservadorzonanorte.com.mx\/index.php?rest_route=\/wp\/v2\/users\/1"}],"replies":[{"embeddable":true,"href":"https:\/\/elobservadorzonanorte.com.mx\/index.php?rest_route=%2Fwp%2Fv2%2Fcomments&post=151493"}],"version-history":[{"count":1,"href":"https:\/\/elobservadorzonanorte.com.mx\/index.php?rest_route=\/wp\/v2\/posts\/151493\/revisions"}],"predecessor-version":[{"id":151535,"href":"https:\/\/elobservadorzonanorte.com.mx\/index.php?rest_route=\/wp\/v2\/posts\/151493\/revisions\/151535"}],"wp:featuredmedia":[{"embeddable":true,"href":"https:\/\/elobservadorzonanorte.com.mx\/index.php?rest_route=\/wp\/v2\/media\/151533"}],"wp:attachment":[{"href":"https:\/\/elobservadorzonanorte.com.mx\/index.php?rest_route=%2Fwp%2Fv2%2Fmedia&parent=151493"}],"wp:term":[{"taxonomy":"category","embeddable":true,"href":"https:\/\/elobservadorzonanorte.com.mx\/index.php?rest_route=%2Fwp%2Fv2%2Fcategories&post=151493"},{"taxonomy":"post_tag","embeddable":true,"href":"https:\/\/elobservadorzonanorte.com.mx\/index.php?rest_route=%2Fwp%2Fv2%2Ftags&post=151493"}],"curies":[{"name":"wp","href":"https:\/\/api.w.org\/{rel}","templated":true}]}}