{"id":151484,"date":"2026-08-31T03:11:06","date_gmt":"2026-08-31T03:11:06","guid":{"rendered":"https:\/\/elobservadorzonanorte.com.mx\/?p=151484"},"modified":"2026-08-31T03:11:07","modified_gmt":"2026-08-31T03:11:07","slug":"dif-juarez-presente-en-la-clausura-de-la-convencion-internacional-unach-2026","status":"publish","type":"post","link":"https:\/\/elobservadorzonanorte.com.mx\/?p=151484","title":{"rendered":"DIF JU\u00c1REZ PRESENTE EN LA CLAUSURA DE LA CONVENCI\u00d3N INTERNACIONAL UNACH 2026"},"content":{"rendered":"\n<figure class=\"wp-block-image size-full\"><img decoding=\"async\" width=\"590\" height=\"392\" src=\"https:\/\/elobservadorzonanorte.com.mx\/wp-content\/uploads\/2026\/08\/imagen-603.png\" alt=\"\" class=\"wp-image-151519\" srcset=\"https:\/\/elobservadorzonanorte.com.mx\/wp-content\/uploads\/2026\/08\/imagen-603.png 590w, https:\/\/elobservadorzonanorte.com.mx\/wp-content\/uploads\/2026\/08\/imagen-603-300x199.png 300w\" sizes=\"(max-width: 590px) 100vw, 590px\" \/><\/figure>\n\n\n\n<figure class=\"wp-block-image size-full\"><img decoding=\"async\" width=\"442\" height=\"590\" src=\"https:\/\/elobservadorzonanorte.com.mx\/wp-content\/uploads\/2026\/08\/imagen-600.png\" alt=\"\" class=\"wp-image-151516\" srcset=\"https:\/\/elobservadorzonanorte.com.mx\/wp-content\/uploads\/2026\/08\/imagen-600.png 442w, https:\/\/elobservadorzonanorte.com.mx\/wp-content\/uploads\/2026\/08\/imagen-600-225x300.png 225w\" sizes=\"(max-width: 442px) 100vw, 442px\" \/><\/figure>\n\n\n\n<p class=\"wp-block-paragraph\">Esta tarde, la C.P. <a href=\"https:\/\/www.facebook.com\/scalcaneomontellano?__cft__[0]=AZYNTjj6yJB20OamMDNVZsQE5iuUVKP3Jj0BivAnSPMrEMJmNnrG5kMs1o4LgSDX1nnP0ZJAkfbnyjD1GIwPxb9sZlOpbiyeHf8cgWPXUGvsPSsRrE_yFJSBedfSkGvD0sbdsF0mO8DlbG6EzHTf8kHlZrZXtmQfzTdv0FJzG4XvumWyzTmvllK00oFxmDVLgrw&amp;__tn__=-]K-R\" target=\"_blank\" rel=\"noopener\">Sonia Calcaneo Montellano<\/a> presidenta del Sistema DIF Municipal de Ju\u00e1rez, Chiapas, asisti\u00f3 a la clausura de la Convenci\u00f3n Internacional UNACH 2026, un importante encuentro que reuni\u00f3 conocimiento, ciencia, cultura e innovaci\u00f3n con sentido humano.<\/p>\n\n\n\n<p class=\"wp-block-paragraph\">Durante el evento se cont\u00f3 con la conferencia magistral de la Dra. Annie Pardo Cemo, reconocida investigadora mexicana, quien comparti\u00f3 los avances de la ciencia en torno a la fibrosis pulmonar.<\/p>\n\n\n\n<p class=\"wp-block-paragraph\">Desde el DIF Municipal reconocemos al Dr. Oswaldo Chac\u00f3n Rojas, rector de la UNACH, por impulsar estos espacios que fortalecen el conocimiento y el desarrollo de Chiapas.<\/p>\n\n\n\n<p class=\"wp-block-paragraph\">Asimismo, agradecemos como siempre la amable invitaci\u00f3n de la Sra. Sof\u00eda Espinoza Abarca, presidenta del DIF Chiapas, por permitirnos ser parte de estos importantes encuentros.<\/p>\n\n\n\n<p class=\"wp-block-paragraph\"><img decoding=\"async\" height=\"16\" width=\"16\" alt=\"\ud83d\udc9a\" src=\"https:\/\/static.xx.fbcdn.net\/images\/emoji.php\/v9\/t94\/1\/16\/1f49a.png\"> Seguimos sumando esfuerzos por un Chiapas con m\u00e1s conocimiento, oportunidades y bienestar.<\/p>\n","protected":false},"excerpt":{"rendered":"<p>Esta tarde, la C.P. Sonia Calcaneo Montellano presidenta del Sistema DIF Municipal de Ju\u00e1rez, Chiapas, asisti\u00f3 a la clausura de la Convenci\u00f3n Internacional UNACH 2026, un importante encuentro que reuni\u00f3 conocimiento, ciencia, cultura e innovaci\u00f3n con sentido humano. Durante el evento se cont\u00f3 con la conferencia magistral de la Dra. Annie Pardo Cemo, reconocida investigadora [&hellip;]<\/p>\n","protected":false},"author":1,"featured_media":151516,"comment_status":"closed","ping_status":"closed","sticky":false,"template":"","format":"standard","meta":{"footnotes":""},"categories":[1],"tags":[],"class_list":["post-151484","post","type-post","status-publish","format-standard","has-post-thumbnail","hentry","category-general"],"_links":{"self":[{"href":"https:\/\/elobservadorzonanorte.com.mx\/index.php?rest_route=\/wp\/v2\/posts\/151484","targetHints":{"allow":["GET"]}}],"collection":[{"href":"https:\/\/elobservadorzonanorte.com.mx\/index.php?rest_route=\/wp\/v2\/posts"}],"about":[{"href":"https:\/\/elobservadorzonanorte.com.mx\/index.php?rest_route=\/wp\/v2\/types\/post"}],"author":[{"embeddable":true,"href":"https:\/\/elobservadorzonanorte.com.mx\/index.php?rest_route=\/wp\/v2\/users\/1"}],"replies":[{"embeddable":true,"href":"https:\/\/elobservadorzonanorte.com.mx\/index.php?rest_route=%2Fwp%2Fv2%2Fcomments&post=151484"}],"version-history":[{"count":1,"href":"https:\/\/elobservadorzonanorte.com.mx\/index.php?rest_route=\/wp\/v2\/posts\/151484\/revisions"}],"predecessor-version":[{"id":151520,"href":"https:\/\/elobservadorzonanorte.com.mx\/index.php?rest_route=\/wp\/v2\/posts\/151484\/revisions\/151520"}],"wp:featuredmedia":[{"embeddable":true,"href":"https:\/\/elobservadorzonanorte.com.mx\/index.php?rest_route=\/wp\/v2\/media\/151516"}],"wp:attachment":[{"href":"https:\/\/elobservadorzonanorte.com.mx\/index.php?rest_route=%2Fwp%2Fv2%2Fmedia&parent=151484"}],"wp:term":[{"taxonomy":"category","embeddable":true,"href":"https:\/\/elobservadorzonanorte.com.mx\/index.php?rest_route=%2Fwp%2Fv2%2Fcategories&post=151484"},{"taxonomy":"post_tag","embeddable":true,"href":"https:\/\/elobservadorzonanorte.com.mx\/index.php?rest_route=%2Fwp%2Fv2%2Ftags&post=151484"}],"curies":[{"name":"wp","href":"https:\/\/api.w.org\/{rel}","templated":true}]}}