{"id":151412,"date":"2026-08-29T04:31:40","date_gmt":"2026-08-29T04:31:40","guid":{"rendered":"https:\/\/elobservadorzonanorte.com.mx\/?p=151412"},"modified":"2026-08-29T04:31:41","modified_gmt":"2026-08-29T04:31:41","slug":"impulso-historico-al-campo-de-juarez","status":"publish","type":"post","link":"https:\/\/elobservadorzonanorte.com.mx\/?p=151412","title":{"rendered":"IMPULSO HIST\u00d3RICO AL CAMPO DE JU\u00c1REZ"},"content":{"rendered":"\n<figure class=\"wp-block-image size-full\"><img decoding=\"async\" width=\"590\" height=\"393\" src=\"https:\/\/elobservadorzonanorte.com.mx\/wp-content\/uploads\/2026\/08\/imagen-564.png\" alt=\"\" class=\"wp-image-151433\" srcset=\"https:\/\/elobservadorzonanorte.com.mx\/wp-content\/uploads\/2026\/08\/imagen-564.png 590w, https:\/\/elobservadorzonanorte.com.mx\/wp-content\/uploads\/2026\/08\/imagen-564-300x200.png 300w\" sizes=\"(max-width: 590px) 100vw, 590px\" \/><\/figure>\n\n\n\n<figure class=\"wp-block-image size-full\"><img decoding=\"async\" width=\"590\" height=\"393\" src=\"https:\/\/elobservadorzonanorte.com.mx\/wp-content\/uploads\/2026\/08\/imagen-565.png\" alt=\"\" class=\"wp-image-151434\" srcset=\"https:\/\/elobservadorzonanorte.com.mx\/wp-content\/uploads\/2026\/08\/imagen-565.png 590w, https:\/\/elobservadorzonanorte.com.mx\/wp-content\/uploads\/2026\/08\/imagen-565-300x200.png 300w\" sizes=\"(max-width: 590px) 100vw, 590px\" \/><\/figure>\n\n\n\n<figure class=\"wp-block-image size-full\"><img decoding=\"async\" width=\"590\" height=\"443\" src=\"https:\/\/elobservadorzonanorte.com.mx\/wp-content\/uploads\/2026\/08\/imagen-566.png\" alt=\"\" class=\"wp-image-151435\" srcset=\"https:\/\/elobservadorzonanorte.com.mx\/wp-content\/uploads\/2026\/08\/imagen-566.png 590w, https:\/\/elobservadorzonanorte.com.mx\/wp-content\/uploads\/2026\/08\/imagen-566-300x225.png 300w\" sizes=\"(max-width: 590px) 100vw, 590px\" \/><\/figure>\n\n\n\n<p class=\"wp-block-paragraph\">El Sistema DIF Municipal de Ju\u00e1rez, que preside la C.P. Sonia Calc\u00e1neo Montellano, acompa\u00f1\u00f3 la presentaci\u00f3n del programa financiero \u201cImpulso al Campo\u201d, iniciativa que busca fortalecer la econom\u00eda rural y respaldar a las familias productoras de nuestro municipio.<\/p>\n\n\n\n<p class=\"wp-block-paragraph\">El programa contempla cr\u00e9ditos de $30 mil hasta $1 mill\u00f3n de pesos, con tasas de inter\u00e9s preferenciales para productores agr\u00edcolas y ganaderos, adem\u00e1s de ventanillas de atenci\u00f3n en Ju\u00e1rez y Palenque para facilitar los tr\u00e1mites.<\/p>\n\n\n\n<p class=\"wp-block-paragraph\">En este importante encuentro estuvieron presentes el titular de la Secretar\u00eda del Campo, Marco Antonio Barba Arrocha; el Presidente Municipal de Ju\u00e1rez, Lic. Oscar Serra Cantoral; la presidenta del Voluntariado Semillas de Esperanza, Ver\u00f3nica Morales de Barba y el C.P. Jos\u00e9 Ignacio Soberano Velasco, Presidente de la Asociaci\u00f3n Ganadera Local de Ju\u00e1rez, quien destac\u00f3 los beneficios que esta iniciativa representa para el sector productivo.<\/p>\n\n\n\n<p class=\"wp-block-paragraph\">Desde el DIF Municipal reconocemos estas acciones que fortalecen al campo y el bienestar de las familias de Ju\u00e1rez, as\u00ed como el compromiso del Gobernador del Estado, Dr. Eduardo Ram\u00edrez Aguilar, con el desarrollo del sector agropecuario.<\/p>\n\n\n\n<p class=\"wp-block-paragraph\">Con el campo, con las familias y con Ju\u00e1rez, seguimos avanzando. <img decoding=\"async\" height=\"16\" width=\"16\" alt=\"\ud83c\udf3f\" src=\"https:\/\/static.xx.fbcdn.net\/images\/emoji.php\/v9\/t1e\/1\/16\/1f33f.png\"><img decoding=\"async\" height=\"16\" width=\"16\" alt=\"\ud83e\udd1d\" src=\"https:\/\/static.xx.fbcdn.net\/images\/emoji.php\/v9\/t64\/1\/16\/1f91d.png\"><\/p>\n\n\n\n<p class=\"wp-block-paragraph\"><a href=\"https:\/\/www.facebook.com\/hashtag\/siemprecontigo?__cft__[0]=AZbgUxVwHoKvVUrqBJi3CjeMKYYhSx08p8K-Avq_NqgIdbon5DneouSsQ3FQ2BVlRN8_WitytP5l6fHbS6jl4YUvii2JlPktIgn1LHktYqgBji30AGkx0F9BOfRLqZT8sBumLpl0hTrVdKSb6kmoBZLE2kMVbEKrINtPZf-5Vis768mbvUL7xPku1Uv0Lp5ejAs&amp;__tn__=*NK-R\" target=\"_blank\" rel=\"noopener\">#SiempreContigo<\/a><\/p>\n","protected":false},"excerpt":{"rendered":"<p>El Sistema DIF Municipal de Ju\u00e1rez, que preside la C.P. Sonia Calc\u00e1neo Montellano, acompa\u00f1\u00f3 la presentaci\u00f3n del programa financiero \u201cImpulso al Campo\u201d, iniciativa que busca fortalecer la econom\u00eda rural y respaldar a las familias productoras de nuestro municipio. El programa contempla cr\u00e9ditos de $30 mil hasta $1 mill\u00f3n de pesos, con tasas de inter\u00e9s preferenciales [&hellip;]<\/p>\n","protected":false},"author":1,"featured_media":151434,"comment_status":"closed","ping_status":"closed","sticky":false,"template":"","format":"standard","meta":{"footnotes":""},"categories":[1],"tags":[],"class_list":["post-151412","post","type-post","status-publish","format-standard","has-post-thumbnail","hentry","category-general"],"_links":{"self":[{"href":"https:\/\/elobservadorzonanorte.com.mx\/index.php?rest_route=\/wp\/v2\/posts\/151412","targetHints":{"allow":["GET"]}}],"collection":[{"href":"https:\/\/elobservadorzonanorte.com.mx\/index.php?rest_route=\/wp\/v2\/posts"}],"about":[{"href":"https:\/\/elobservadorzonanorte.com.mx\/index.php?rest_route=\/wp\/v2\/types\/post"}],"author":[{"embeddable":true,"href":"https:\/\/elobservadorzonanorte.com.mx\/index.php?rest_route=\/wp\/v2\/users\/1"}],"replies":[{"embeddable":true,"href":"https:\/\/elobservadorzonanorte.com.mx\/index.php?rest_route=%2Fwp%2Fv2%2Fcomments&post=151412"}],"version-history":[{"count":1,"href":"https:\/\/elobservadorzonanorte.com.mx\/index.php?rest_route=\/wp\/v2\/posts\/151412\/revisions"}],"predecessor-version":[{"id":151436,"href":"https:\/\/elobservadorzonanorte.com.mx\/index.php?rest_route=\/wp\/v2\/posts\/151412\/revisions\/151436"}],"wp:featuredmedia":[{"embeddable":true,"href":"https:\/\/elobservadorzonanorte.com.mx\/index.php?rest_route=\/wp\/v2\/media\/151434"}],"wp:attachment":[{"href":"https:\/\/elobservadorzonanorte.com.mx\/index.php?rest_route=%2Fwp%2Fv2%2Fmedia&parent=151412"}],"wp:term":[{"taxonomy":"category","embeddable":true,"href":"https:\/\/elobservadorzonanorte.com.mx\/index.php?rest_route=%2Fwp%2Fv2%2Fcategories&post=151412"},{"taxonomy":"post_tag","embeddable":true,"href":"https:\/\/elobservadorzonanorte.com.mx\/index.php?rest_route=%2Fwp%2Fv2%2Ftags&post=151412"}],"curies":[{"name":"wp","href":"https:\/\/api.w.org\/{rel}","templated":true}]}}