{"id":144555,"date":"2026-06-05T03:42:57","date_gmt":"2026-06-05T03:42:57","guid":{"rendered":"https:\/\/elobservadorzonanorte.com.mx\/?p=144555"},"modified":"2026-06-05T03:42:58","modified_gmt":"2026-06-05T03:42:58","slug":"se-suma-gobierno-de-ixhuatan-a-campana-de-reforestacion","status":"publish","type":"post","link":"https:\/\/elobservadorzonanorte.com.mx\/?p=144555","title":{"rendered":"Se suma Gobierno de Ixhuat\u00e1n a campa\u00f1a de reforestaci\u00f3n"},"content":{"rendered":"\n<figure class=\"wp-block-image size-full\"><img decoding=\"async\" width=\"590\" height=\"443\" src=\"https:\/\/elobservadorzonanorte.com.mx\/wp-content\/uploads\/2026\/06\/imagen-1-135.jpg\" alt=\"\" class=\"wp-image-144624\" srcset=\"https:\/\/elobservadorzonanorte.com.mx\/wp-content\/uploads\/2026\/06\/imagen-1-135.jpg 590w, https:\/\/elobservadorzonanorte.com.mx\/wp-content\/uploads\/2026\/06\/imagen-1-135-300x225.jpg 300w\" sizes=\"(max-width: 590px) 100vw, 590px\" \/><\/figure>\n\n\n\n<figure class=\"wp-block-image size-full\"><img decoding=\"async\" width=\"443\" height=\"590\" src=\"https:\/\/elobservadorzonanorte.com.mx\/wp-content\/uploads\/2026\/06\/imagen-1-136.jpg\" alt=\"\" class=\"wp-image-144625\" srcset=\"https:\/\/elobservadorzonanorte.com.mx\/wp-content\/uploads\/2026\/06\/imagen-1-136.jpg 443w, https:\/\/elobservadorzonanorte.com.mx\/wp-content\/uploads\/2026\/06\/imagen-1-136-225x300.jpg 225w\" sizes=\"(max-width: 443px) 100vw, 443px\" \/><\/figure>\n\n\n\n<figure class=\"wp-block-image size-full\"><img decoding=\"async\" width=\"590\" height=\"443\" src=\"https:\/\/elobservadorzonanorte.com.mx\/wp-content\/uploads\/2026\/06\/imagen-1-137.jpg\" alt=\"\" class=\"wp-image-144626\" srcset=\"https:\/\/elobservadorzonanorte.com.mx\/wp-content\/uploads\/2026\/06\/imagen-1-137.jpg 590w, https:\/\/elobservadorzonanorte.com.mx\/wp-content\/uploads\/2026\/06\/imagen-1-137-300x225.jpg 300w\" sizes=\"(max-width: 590px) 100vw, 590px\" \/><\/figure>\n\n\n\n<figure class=\"wp-block-image size-full\"><img decoding=\"async\" width=\"590\" height=\"443\" src=\"https:\/\/elobservadorzonanorte.com.mx\/wp-content\/uploads\/2026\/06\/imagen-1-138.jpg\" alt=\"\" class=\"wp-image-144627\" srcset=\"https:\/\/elobservadorzonanorte.com.mx\/wp-content\/uploads\/2026\/06\/imagen-1-138.jpg 590w, https:\/\/elobservadorzonanorte.com.mx\/wp-content\/uploads\/2026\/06\/imagen-1-138-300x225.jpg 300w\" sizes=\"(max-width: 590px) 100vw, 590px\" \/><\/figure>\n\n\n\n<p class=\"wp-block-paragraph\">Encabezados por la presidenta municipal Guadalupe L\u00f3pez Camacho, funcionarios del gabinete municipal y pobladores de esta localidad, y dentro del marco del D\u00eda Mundial del Medio Ambiente, el municipio se sum\u00f3 a la campa\u00f1a estatal de reforestaci\u00f3n.<\/p>\n\n\n\n<p class=\"wp-block-paragraph\">La presidenta municipal Guadalupe L\u00f3pez Camacho agradeci\u00f3 el apoyo y respaldo de la ciudadan\u00eda para formar parte de esta importante campa\u00f1a.<\/p>\n\n\n\n<p class=\"wp-block-paragraph\">\u00bb La cual es una iniciativa que busca recuperar y conservar nuestros espacios naturales mediante la siembra de \u00e1rboles nativos, cada \u00e1rbol plantado representa un compromiso con las futuras generaciones y con el cuidado de nuestro planeta\u00bb destac\u00f3 la presidenta municipal.<\/p>\n","protected":false},"excerpt":{"rendered":"<p>Encabezados por la presidenta municipal Guadalupe L\u00f3pez Camacho, funcionarios del gabinete municipal y pobladores de esta localidad, y dentro del marco del D\u00eda Mundial del Medio Ambiente, el municipio se sum\u00f3 a la campa\u00f1a estatal de reforestaci\u00f3n. La presidenta municipal Guadalupe L\u00f3pez Camacho agradeci\u00f3 el apoyo y respaldo de la ciudadan\u00eda para formar parte de [&hellip;]<\/p>\n","protected":false},"author":1,"featured_media":144624,"comment_status":"closed","ping_status":"closed","sticky":false,"template":"","format":"standard","meta":{"footnotes":""},"categories":[1],"tags":[],"class_list":["post-144555","post","type-post","status-publish","format-standard","has-post-thumbnail","hentry","category-general"],"_links":{"self":[{"href":"https:\/\/elobservadorzonanorte.com.mx\/index.php?rest_route=\/wp\/v2\/posts\/144555","targetHints":{"allow":["GET"]}}],"collection":[{"href":"https:\/\/elobservadorzonanorte.com.mx\/index.php?rest_route=\/wp\/v2\/posts"}],"about":[{"href":"https:\/\/elobservadorzonanorte.com.mx\/index.php?rest_route=\/wp\/v2\/types\/post"}],"author":[{"embeddable":true,"href":"https:\/\/elobservadorzonanorte.com.mx\/index.php?rest_route=\/wp\/v2\/users\/1"}],"replies":[{"embeddable":true,"href":"https:\/\/elobservadorzonanorte.com.mx\/index.php?rest_route=%2Fwp%2Fv2%2Fcomments&post=144555"}],"version-history":[{"count":1,"href":"https:\/\/elobservadorzonanorte.com.mx\/index.php?rest_route=\/wp\/v2\/posts\/144555\/revisions"}],"predecessor-version":[{"id":144628,"href":"https:\/\/elobservadorzonanorte.com.mx\/index.php?rest_route=\/wp\/v2\/posts\/144555\/revisions\/144628"}],"wp:featuredmedia":[{"embeddable":true,"href":"https:\/\/elobservadorzonanorte.com.mx\/index.php?rest_route=\/wp\/v2\/media\/144624"}],"wp:attachment":[{"href":"https:\/\/elobservadorzonanorte.com.mx\/index.php?rest_route=%2Fwp%2Fv2%2Fmedia&parent=144555"}],"wp:term":[{"taxonomy":"category","embeddable":true,"href":"https:\/\/elobservadorzonanorte.com.mx\/index.php?rest_route=%2Fwp%2Fv2%2Fcategories&post=144555"},{"taxonomy":"post_tag","embeddable":true,"href":"https:\/\/elobservadorzonanorte.com.mx\/index.php?rest_route=%2Fwp%2Fv2%2Ftags&post=144555"}],"curies":[{"name":"wp","href":"https:\/\/api.w.org\/{rel}","templated":true}]}}