{"id":144484,"date":"2026-06-04T04:43:10","date_gmt":"2026-06-04T04:43:10","guid":{"rendered":"https:\/\/elobservadorzonanorte.com.mx\/?p=144484"},"modified":"2026-06-04T04:43:11","modified_gmt":"2026-06-04T04:43:11","slug":"juarez-participa-en-sesion-regional-para-fortalecer-acciones-ante-la-temporada-de-lluvias-y-ciclones-2026","status":"publish","type":"post","link":"https:\/\/elobservadorzonanorte.com.mx\/?p=144484","title":{"rendered":"JU\u00c1REZ PARTICIPA EN SESI\u00d3N REGIONAL PARA FORTALECER ACCIONES ANTE LA TEMPORADA DE LLUVIAS Y CICLONES 2026"},"content":{"rendered":"\n<figure class=\"wp-block-image size-large\"><img decoding=\"async\" width=\"600\" height=\"469\" src=\"https:\/\/elobservadorzonanorte.com.mx\/wp-content\/uploads\/2026\/06\/imagen-1-88-600x469.jpg\" alt=\"\" class=\"wp-image-144500\" srcset=\"https:\/\/elobservadorzonanorte.com.mx\/wp-content\/uploads\/2026\/06\/imagen-1-88-600x469.jpg 600w, https:\/\/elobservadorzonanorte.com.mx\/wp-content\/uploads\/2026\/06\/imagen-1-88-300x234.jpg 300w, https:\/\/elobservadorzonanorte.com.mx\/wp-content\/uploads\/2026\/06\/imagen-1-88.jpg 640w\" sizes=\"(max-width: 600px) 100vw, 600px\" \/><\/figure>\n\n\n\n<p class=\"wp-block-paragraph\">Con el objetivo de fortalecer la coordinaci\u00f3n interinstitucional y las estrategias de prevenci\u00f3n para proteger a la poblaci\u00f3n durante la temporada de lluvias y ciclones tropicales 2026, el Gobierno Municipal que preside Oscar Serra Cantoral, a trav\u00e9s de la Secretar\u00eda Municipal de Protecci\u00f3n Civil, particip\u00f3 en la Sesi\u00f3n del Consejo Regional Zona Norte para la Temporada de Lluvias y Ciclones Tropicales 2026.<\/p>\n\n\n\n<p class=\"wp-block-paragraph\">La sesi\u00f3n fue encabezada por Rub\u00ed del Carmen Garc\u00eda Rodr\u00edguez, contando con la participaci\u00f3n de autoridades estatales, municipales y personal de Protecci\u00f3n Civil del Estado, quienes acordaron diversas acciones conjuntas para fortalecer la prevenci\u00f3n, preparaci\u00f3n y atenci\u00f3n oportuna de emergencias derivadas de fen\u00f3menos hidrometeorol\u00f3gicos que pudieran presentarse en los pr\u00f3ximos meses.<\/p>\n\n\n\n<p class=\"wp-block-paragraph\">En representaci\u00f3n del municipio de Ju\u00e1rez particip\u00f3 el SecretarioM de Protecci\u00f3n Civil, Luis Benjam\u00edn Pichardo Soberano, quien reiter\u00f3 el compromiso de continuar impulsando acciones preventivas y de coordinaci\u00f3n para salvaguardar la integridad de la poblaci\u00f3n.<\/p>\n\n\n\n<p class=\"wp-block-paragraph\">De manera virtual, el secretario de Protecci\u00f3n Civil del Estado, Mauricio Cordero Rodr\u00edguez, destac\u00f3 la importancia de trabajar de forma coordinada y responsable entre los tres \u00f3rdenes de gobierno, fortaleciendo la cultura de la prevenci\u00f3n, priorizando la seguridad de las comunidades m\u00e1s vulnerables y reforzando las estrategias de respuesta inmediata ante posibles afectaciones por lluvias intensas, inundaciones, deslaves y fuertes vientos.<\/p>\n\n\n\n<p class=\"wp-block-paragraph\">Durante la reuni\u00f3n tambi\u00e9n se inform\u00f3 sobre los avances en la integraci\u00f3n de los Comit\u00e9s Humanistas de Protecci\u00f3n Civil en el municipio de Ju\u00e1rez, organismos ciudadanos que desempe\u00f1ar\u00e1n un papel fundamental en la prevenci\u00f3n, la comunicaci\u00f3n comunitaria y la atenci\u00f3n oportuna ante cualquier contingencia que pudiera registrarse durante la presente temporada.<\/p>\n\n\n\n<p class=\"wp-block-paragraph\">Con estas acciones, el Gobierno Municipal reafirma su compromiso de continuar trabajando de manera coordinada con las autoridades estatales y federales para fortalecer la prevenci\u00f3n, reducir riesgos y proteger la vida y el patrimonio de las familias del municipio.<\/p>\n","protected":false},"excerpt":{"rendered":"<p>Con el objetivo de fortalecer la coordinaci\u00f3n interinstitucional y las estrategias de prevenci\u00f3n para proteger a la poblaci\u00f3n durante la temporada de lluvias y ciclones tropicales 2026, el Gobierno Municipal que preside Oscar Serra Cantoral, a trav\u00e9s de la Secretar\u00eda Municipal de Protecci\u00f3n Civil, particip\u00f3 en la Sesi\u00f3n del Consejo Regional Zona Norte para la [&hellip;]<\/p>\n","protected":false},"author":1,"featured_media":144500,"comment_status":"closed","ping_status":"closed","sticky":false,"template":"","format":"standard","meta":{"footnotes":""},"categories":[1],"tags":[],"class_list":["post-144484","post","type-post","status-publish","format-standard","has-post-thumbnail","hentry","category-general"],"_links":{"self":[{"href":"https:\/\/elobservadorzonanorte.com.mx\/index.php?rest_route=\/wp\/v2\/posts\/144484","targetHints":{"allow":["GET"]}}],"collection":[{"href":"https:\/\/elobservadorzonanorte.com.mx\/index.php?rest_route=\/wp\/v2\/posts"}],"about":[{"href":"https:\/\/elobservadorzonanorte.com.mx\/index.php?rest_route=\/wp\/v2\/types\/post"}],"author":[{"embeddable":true,"href":"https:\/\/elobservadorzonanorte.com.mx\/index.php?rest_route=\/wp\/v2\/users\/1"}],"replies":[{"embeddable":true,"href":"https:\/\/elobservadorzonanorte.com.mx\/index.php?rest_route=%2Fwp%2Fv2%2Fcomments&post=144484"}],"version-history":[{"count":1,"href":"https:\/\/elobservadorzonanorte.com.mx\/index.php?rest_route=\/wp\/v2\/posts\/144484\/revisions"}],"predecessor-version":[{"id":144501,"href":"https:\/\/elobservadorzonanorte.com.mx\/index.php?rest_route=\/wp\/v2\/posts\/144484\/revisions\/144501"}],"wp:featuredmedia":[{"embeddable":true,"href":"https:\/\/elobservadorzonanorte.com.mx\/index.php?rest_route=\/wp\/v2\/media\/144500"}],"wp:attachment":[{"href":"https:\/\/elobservadorzonanorte.com.mx\/index.php?rest_route=%2Fwp%2Fv2%2Fmedia&parent=144484"}],"wp:term":[{"taxonomy":"category","embeddable":true,"href":"https:\/\/elobservadorzonanorte.com.mx\/index.php?rest_route=%2Fwp%2Fv2%2Fcategories&post=144484"},{"taxonomy":"post_tag","embeddable":true,"href":"https:\/\/elobservadorzonanorte.com.mx\/index.php?rest_route=%2Fwp%2Fv2%2Ftags&post=144484"}],"curies":[{"name":"wp","href":"https:\/\/api.w.org\/{rel}","templated":true}]}}