{"id":144481,"date":"2026-06-04T04:42:55","date_gmt":"2026-06-04T04:42:55","guid":{"rendered":"https:\/\/elobservadorzonanorte.com.mx\/?p=144481"},"modified":"2026-06-04T04:42:56","modified_gmt":"2026-06-04T04:42:56","slug":"la-secretaria-general-de-gobierno-y-mediacion-dulce-rodriguez-ovando-participo-en-la-instalacion-del-comite-ciudadano-de-prevencion-de-la-violencia-en-la-colonia-paseo-del-bosque-de-tuxtla-gutierrez","status":"publish","type":"post","link":"https:\/\/elobservadorzonanorte.com.mx\/?p=144481","title":{"rendered":"La secretaria general de Gobierno y Mediaci\u00f3n, Dulce Rodr\u00edguez Ovando, particip\u00f3 en la instalaci\u00f3n del Comit\u00e9 Ciudadano de Prevenci\u00f3n de la Violencia en la colonia Paseo del Bosque de Tuxtla Guti\u00e9rrez, junto al fiscal general del Estado, Jorge Luis Llaven Abarca."},"content":{"rendered":"\n<figure class=\"wp-block-image size-full\"><img decoding=\"async\" width=\"590\" height=\"393\" src=\"https:\/\/elobservadorzonanorte.com.mx\/wp-content\/uploads\/2026\/06\/imagen-1-86.jpg\" alt=\"\" class=\"wp-image-144497\" srcset=\"https:\/\/elobservadorzonanorte.com.mx\/wp-content\/uploads\/2026\/06\/imagen-1-86.jpg 590w, https:\/\/elobservadorzonanorte.com.mx\/wp-content\/uploads\/2026\/06\/imagen-1-86-300x200.jpg 300w\" sizes=\"(max-width: 590px) 100vw, 590px\" \/><\/figure>\n\n\n\n<figure class=\"wp-block-image size-full\"><img decoding=\"async\" width=\"590\" height=\"394\" src=\"https:\/\/elobservadorzonanorte.com.mx\/wp-content\/uploads\/2026\/06\/imagen-1-87.jpg\" alt=\"\" class=\"wp-image-144498\" srcset=\"https:\/\/elobservadorzonanorte.com.mx\/wp-content\/uploads\/2026\/06\/imagen-1-87.jpg 590w, https:\/\/elobservadorzonanorte.com.mx\/wp-content\/uploads\/2026\/06\/imagen-1-87-300x200.jpg 300w\" sizes=\"(max-width: 590px) 100vw, 590px\" \/><\/figure>\n\n\n\n<p class=\"wp-block-paragraph\">La prevenci\u00f3n es una pieza fundamental de la estrategia de seguridad que impulsa el gobernador Eduardo Ram\u00edrez. Por ello, se continuar\u00e1 trabajando de cerca con las tuxtlecas y los tuxtlecos, recorriendo las colonias y fortaleciendo la participaci\u00f3n ciudadana para seguir construyendo una capital m\u00e1s segura, en paz y con prosperidad para todas y todos.<\/p>\n","protected":false},"excerpt":{"rendered":"<p>La prevenci\u00f3n es una pieza fundamental de la estrategia de seguridad que impulsa el gobernador Eduardo Ram\u00edrez. Por ello, se continuar\u00e1 trabajando de cerca con las tuxtlecas y los tuxtlecos, recorriendo las colonias y fortaleciendo la participaci\u00f3n ciudadana para seguir construyendo una capital m\u00e1s segura, en paz y con prosperidad para todas y todos.<\/p>\n","protected":false},"author":1,"featured_media":144497,"comment_status":"closed","ping_status":"closed","sticky":false,"template":"","format":"standard","meta":{"footnotes":""},"categories":[1],"tags":[],"class_list":["post-144481","post","type-post","status-publish","format-standard","has-post-thumbnail","hentry","category-general"],"_links":{"self":[{"href":"https:\/\/elobservadorzonanorte.com.mx\/index.php?rest_route=\/wp\/v2\/posts\/144481","targetHints":{"allow":["GET"]}}],"collection":[{"href":"https:\/\/elobservadorzonanorte.com.mx\/index.php?rest_route=\/wp\/v2\/posts"}],"about":[{"href":"https:\/\/elobservadorzonanorte.com.mx\/index.php?rest_route=\/wp\/v2\/types\/post"}],"author":[{"embeddable":true,"href":"https:\/\/elobservadorzonanorte.com.mx\/index.php?rest_route=\/wp\/v2\/users\/1"}],"replies":[{"embeddable":true,"href":"https:\/\/elobservadorzonanorte.com.mx\/index.php?rest_route=%2Fwp%2Fv2%2Fcomments&post=144481"}],"version-history":[{"count":1,"href":"https:\/\/elobservadorzonanorte.com.mx\/index.php?rest_route=\/wp\/v2\/posts\/144481\/revisions"}],"predecessor-version":[{"id":144499,"href":"https:\/\/elobservadorzonanorte.com.mx\/index.php?rest_route=\/wp\/v2\/posts\/144481\/revisions\/144499"}],"wp:featuredmedia":[{"embeddable":true,"href":"https:\/\/elobservadorzonanorte.com.mx\/index.php?rest_route=\/wp\/v2\/media\/144497"}],"wp:attachment":[{"href":"https:\/\/elobservadorzonanorte.com.mx\/index.php?rest_route=%2Fwp%2Fv2%2Fmedia&parent=144481"}],"wp:term":[{"taxonomy":"category","embeddable":true,"href":"https:\/\/elobservadorzonanorte.com.mx\/index.php?rest_route=%2Fwp%2Fv2%2Fcategories&post=144481"},{"taxonomy":"post_tag","embeddable":true,"href":"https:\/\/elobservadorzonanorte.com.mx\/index.php?rest_route=%2Fwp%2Fv2%2Ftags&post=144481"}],"curies":[{"name":"wp","href":"https:\/\/api.w.org\/{rel}","templated":true}]}}