{"id":144439,"date":"2026-06-04T04:41:36","date_gmt":"2026-06-04T04:41:36","guid":{"rendered":"https:\/\/elobservadorzonanorte.com.mx\/?p=144439"},"modified":"2026-06-04T04:41:36","modified_gmt":"2026-06-04T04:41:36","slug":"pichucalco-despierta-con-el-autentico-sabor-de-mi-tierra","status":"publish","type":"post","link":"https:\/\/elobservadorzonanorte.com.mx\/?p=144439","title":{"rendered":"\u00a1Pichucalco, despierta con el aut\u00e9ntico sabor de Mi Tierra!"},"content":{"rendered":"<p><iframe loading=\"lazy\" src=\"https:\/\/www.facebook.com\/plugins\/video.php?height=476&#038;href=https%3A%2F%2Fwww.facebook.com%2Freel%2F1722283182559695%2F&#038;show_text=false&#038;width=267&#038;t=0\" width=\"267\" height=\"476\" style=\"border:none;overflow:hidden\" scrolling=\"no\" frameborder=\"0\" allowfullscreen=\"true\" allow=\"autoplay; clipboard-write; encrypted-media; picture-in-picture; web-share\" allowFullScreen=\"true\"><\/iframe><\/p>\n\n\n\n<p class=\"wp-block-paragraph\">\u00bfBuscando el desayuno perfecto para empezar tu d\u00eda? Deja de buscar y ven a consentirte. <img decoding=\"async\" height=\"16\" width=\"16\" alt=\"\ud83c\udf73\" src=\"https:\/\/static.xx.fbcdn.net\/images\/emoji.php\/v9\/te7\/1\/16\/1f373.png\"> En Mi Tierra Restaurante servimos amor y tradici\u00f3n en cada plato. Desde unos chilaquiles crujientes hasta el caf\u00e9 m\u00e1s calientito, te esperamos con la calidez que nos caracteriza.<\/p>\n\n\n\n<p class=\"wp-block-paragraph\"><img decoding=\"async\" height=\"16\" width=\"16\" alt=\"\ud83d\udd25\" src=\"https:\/\/static.xx.fbcdn.net\/images\/emoji.php\/v9\/t50\/1\/16\/1f525.png\"> \u00a1Comida deliciosa, bien servida y con el aut\u00e9ntico saz\u00f3n de casa! <img decoding=\"async\" height=\"16\" width=\"16\" alt=\"\ud83c\udfe1\" src=\"https:\/\/static.xx.fbcdn.net\/images\/emoji.php\/v9\/t77\/1\/16\/1f3e1.png\"><img decoding=\"async\" height=\"16\" width=\"16\" alt=\"\u2615\" src=\"https:\/\/static.xx.fbcdn.net\/images\/emoji.php\/v9\/t91\/1\/16\/2615.png\"><\/p>\n\n\n\n<p class=\"wp-block-paragraph\"><img decoding=\"async\" height=\"16\" width=\"16\" alt=\"\ud83c\udfc3\u200d\u2640\ufe0f\" src=\"https:\/\/static.xx.fbcdn.net\/images\/emoji.php\/v9\/ta9\/1\/16\/1f3c3_200d_2640.png\"><img decoding=\"async\" height=\"16\" width=\"16\" alt=\"\ud83d\udca8\" src=\"https:\/\/static.xx.fbcdn.net\/images\/emoji.php\/v9\/tc3\/1\/16\/1f4a8.png\"> \u00a1No cocines hoy, mejor desayuna en compa\u00f1\u00eda de tu familia o amigos!<\/p>\n\n\n\n<p class=\"wp-block-paragraph\"><img decoding=\"async\" height=\"16\" width=\"16\" alt=\"\ud83d\udccd\" src=\"https:\/\/static.xx.fbcdn.net\/images\/emoji.php\/v9\/t2d\/1\/16\/1f4cd.png\"> Te esperamos en: Calle P\u00edpila esquina Juan Ramos Taracena, Col. Las Ranas, Pichucalco, Chiapas.<\/p>\n\n\n\n<p class=\"wp-block-paragraph\"><img decoding=\"async\" height=\"16\" width=\"16\" alt=\"\ud83d\udcde\" src=\"https:\/\/static.xx.fbcdn.net\/images\/emoji.php\/v9\/t4d\/1\/16\/1f4de.png\"> Reservaciones al: 932 131 0876 <img decoding=\"async\" height=\"16\" width=\"16\" alt=\"\ud83d\udcf2\" src=\"https:\/\/static.xx.fbcdn.net\/images\/emoji.php\/v9\/td8\/1\/16\/1f4f2.png\"><\/p>\n\n\n\n<p class=\"wp-block-paragraph\"><a href=\"https:\/\/www.facebook.com\/watch\/hashtag\/mitierrarestaurante\/?__cft__[0]=AZbO2byqm6eANsTrwayBwSUEQs3xIOmciAiYRI6IrqO5x2sWRZFuFpSoHIXcZ-vSWOCIa-qza3xC7lvLjmInFrVjbFSXOC0sP8HDY42iIaZMZpGyEYcFJhsidPw0L_YaJdMbFrukVQMHHfpdJ238or0PwCXGOTQBWSRCGyq8aMUAAy8JdEgxH9Tq1qrxD6aiZY6uTcnKjUXq6arvxNQ2vfFH&amp;__tn__=*NK-R\" target=\"_blank\" rel=\"noopener\">#MiTierraRestaurante<\/a><a href=\"https:\/\/www.facebook.com\/watch\/hashtag\/desayunoenpichucalco\/?__cft__[0]=AZbO2byqm6eANsTrwayBwSUEQs3xIOmciAiYRI6IrqO5x2sWRZFuFpSoHIXcZ-vSWOCIa-qza3xC7lvLjmInFrVjbFSXOC0sP8HDY42iIaZMZpGyEYcFJhsidPw0L_YaJdMbFrukVQMHHfpdJ238or0PwCXGOTQBWSRCGyq8aMUAAy8JdEgxH9Tq1qrxD6aiZY6uTcnKjUXq6arvxNQ2vfFH&amp;__tn__=*NK-R\" target=\"_blank\" rel=\"noopener\">#DesayunoEnPichucalco<\/a><a href=\"https:\/\/www.facebook.com\/watch\/hashtag\/saborcasero\/?__cft__[0]=AZbO2byqm6eANsTrwayBwSUEQs3xIOmciAiYRI6IrqO5x2sWRZFuFpSoHIXcZ-vSWOCIa-qza3xC7lvLjmInFrVjbFSXOC0sP8HDY42iIaZMZpGyEYcFJhsidPw0L_YaJdMbFrukVQMHHfpdJ238or0PwCXGOTQBWSRCGyq8aMUAAy8JdEgxH9Tq1qrxD6aiZY6uTcnKjUXq6arvxNQ2vfFH&amp;__tn__=*NK-R\" target=\"_blank\" rel=\"noopener\">#SaborCasero<\/a><a href=\"https:\/\/www.facebook.com\/watch\/hashtag\/pichucalco\/?__cft__[0]=AZbO2byqm6eANsTrwayBwSUEQs3xIOmciAiYRI6IrqO5x2sWRZFuFpSoHIXcZ-vSWOCIa-qza3xC7lvLjmInFrVjbFSXOC0sP8HDY42iIaZMZpGyEYcFJhsidPw0L_YaJdMbFrukVQMHHfpdJ238or0PwCXGOTQBWSRCGyq8aMUAAy8JdEgxH9Tq1qrxD6aiZY6uTcnKjUXq6arvxNQ2vfFH&amp;__tn__=*NK-R\" target=\"_blank\" rel=\"noopener\">#Pichucalco<\/a><a href=\"https:\/\/www.facebook.com\/watch\/hashtag\/chiapas\/?__cft__[0]=AZbO2byqm6eANsTrwayBwSUEQs3xIOmciAiYRI6IrqO5x2sWRZFuFpSoHIXcZ-vSWOCIa-qza3xC7lvLjmInFrVjbFSXOC0sP8HDY42iIaZMZpGyEYcFJhsidPw0L_YaJdMbFrukVQMHHfpdJ238or0PwCXGOTQBWSRCGyq8aMUAAy8JdEgxH9Tq1qrxD6aiZY6uTcnKjUXq6arvxNQ2vfFH&amp;__tn__=*NK-R\" target=\"_blank\" rel=\"noopener\">#Chiapas<\/a><\/p>\n\n\n\n<p class=\"wp-block-paragraph\">Ver menos<\/p>\n\n\n\n<figure class=\"wp-block-video\"><\/figure>\n","protected":false},"excerpt":{"rendered":"<p>\u00bfBuscando el desayuno perfecto para empezar tu d\u00eda? Deja de buscar y ven a consentirte. En Mi Tierra Restaurante servimos amor y tradici\u00f3n en cada plato. Desde unos chilaquiles crujientes hasta el caf\u00e9 m\u00e1s calientito, te esperamos con la calidez que nos caracteriza. \u00a1Comida deliciosa, bien servida y con el aut\u00e9ntico saz\u00f3n de casa! \u00a1No [&hellip;]<\/p>\n","protected":false},"author":1,"featured_media":0,"comment_status":"closed","ping_status":"closed","sticky":false,"template":"","format":"standard","meta":{"footnotes":""},"categories":[1],"tags":[],"class_list":["post-144439","post","type-post","status-publish","format-standard","hentry","category-general"],"_links":{"self":[{"href":"https:\/\/elobservadorzonanorte.com.mx\/index.php?rest_route=\/wp\/v2\/posts\/144439","targetHints":{"allow":["GET"]}}],"collection":[{"href":"https:\/\/elobservadorzonanorte.com.mx\/index.php?rest_route=\/wp\/v2\/posts"}],"about":[{"href":"https:\/\/elobservadorzonanorte.com.mx\/index.php?rest_route=\/wp\/v2\/types\/post"}],"author":[{"embeddable":true,"href":"https:\/\/elobservadorzonanorte.com.mx\/index.php?rest_route=\/wp\/v2\/users\/1"}],"replies":[{"embeddable":true,"href":"https:\/\/elobservadorzonanorte.com.mx\/index.php?rest_route=%2Fwp%2Fv2%2Fcomments&post=144439"}],"version-history":[{"count":1,"href":"https:\/\/elobservadorzonanorte.com.mx\/index.php?rest_route=\/wp\/v2\/posts\/144439\/revisions"}],"predecessor-version":[{"id":144478,"href":"https:\/\/elobservadorzonanorte.com.mx\/index.php?rest_route=\/wp\/v2\/posts\/144439\/revisions\/144478"}],"wp:attachment":[{"href":"https:\/\/elobservadorzonanorte.com.mx\/index.php?rest_route=%2Fwp%2Fv2%2Fmedia&parent=144439"}],"wp:term":[{"taxonomy":"category","embeddable":true,"href":"https:\/\/elobservadorzonanorte.com.mx\/index.php?rest_route=%2Fwp%2Fv2%2Fcategories&post=144439"},{"taxonomy":"post_tag","embeddable":true,"href":"https:\/\/elobservadorzonanorte.com.mx\/index.php?rest_route=%2Fwp%2Fv2%2Ftags&post=144439"}],"curies":[{"name":"wp","href":"https:\/\/api.w.org\/{rel}","templated":true}]}}