{"id":144212,"date":"2026-06-01T04:57:19","date_gmt":"2026-06-01T04:57:19","guid":{"rendered":"https:\/\/elobservadorzonanorte.com.mx\/?p=144212"},"modified":"2026-06-01T04:57:20","modified_gmt":"2026-06-01T04:57:20","slug":"la-transformacion-y-la-pacificacion-de-chiapas-y-mexico-nada-ni-nadie-las-detiene-oscar-aparicio","status":"publish","type":"post","link":"https:\/\/elobservadorzonanorte.com.mx\/?p=144212","title":{"rendered":"La transformaci\u00f3n y la pacificaci\u00f3n de Chiapas y M\u00e9xico nada ni nadie las detiene: \u00d3scar Aparicio"},"content":{"rendered":"\n<figure class=\"wp-block-image size-large\"><img decoding=\"async\" width=\"401\" height=\"600\" src=\"https:\/\/elobservadorzonanorte.com.mx\/wp-content\/uploads\/2026\/06\/imagen-29-401x600.jpg\" alt=\"\" class=\"wp-image-144215\" srcset=\"https:\/\/elobservadorzonanorte.com.mx\/wp-content\/uploads\/2026\/06\/imagen-29-401x600.jpg 401w, https:\/\/elobservadorzonanorte.com.mx\/wp-content\/uploads\/2026\/06\/imagen-29-200x300.jpg 200w, https:\/\/elobservadorzonanorte.com.mx\/wp-content\/uploads\/2026\/06\/imagen-29.jpg 526w\" sizes=\"(max-width: 401px) 100vw, 401px\" \/><\/figure>\n\n\n\n<p class=\"wp-block-paragraph\">Tuxtla Guti\u00e9rrez, Chiapas; 31 de mayo de 2026.- El secretario de Seguridad del Pueblo, \u00d3scar Alberto Aparicio Avenda\u00f1o, afirm\u00f3 que a dos a\u00f1os del triunfo hist\u00f3rico de la presidenta Claudia Sheinbaum Pardo, y con el liderazgo del gobernador Eduardo Ram\u00edrez Aguilar, la estrecha coordinaci\u00f3n, la unidad y la comunicaci\u00f3n directa de la Federaci\u00f3n con los estados, han sido clave para lograr resultados y avances contundentes en la transformaci\u00f3n y pacificaci\u00f3n de Chiapas y M\u00e9xico.<\/p>\n\n\n\n<p class=\"wp-block-paragraph\">Destac\u00f3 que la Secretar\u00eda de Seguridad del Pueblo (SSP) est\u00e1 comprometida y alineada a la Estrategia Nacional de Seguridad, a trav\u00e9s del fortalecimiento de mecanismos de coordinaci\u00f3n interinstitucionales y la ampliaci\u00f3n de las capacidades de inteligencia e investigaci\u00f3n de las operaciones estrat\u00e9gicas, enfocadas en prevenir y atender de manera inmediata toda conducta delictiva.<\/p>\n\n\n\n<p class=\"wp-block-paragraph\">Aparicio Avenda\u00f1o destac\u00f3 que la ruta de la paz est\u00e1 trazada en Chiapas, porque el objetivo es claro: \u201cproteger y cuidar a nuestro pueblo con un rostro humano, cercano, que atiende y escucha; hoy la seguridad no es discurso, es acci\u00f3n y presencia en territorio, porque si hay seguridad, hay tranquilidad y m\u00e1s oportunidades de desarrollo para todos y todas\u201d.<\/p>\n\n\n\n<p class=\"wp-block-paragraph\">Finalmente, el titular de la SSP reiter\u00f3 su compromiso de continuar trabajando incansablemente para consolidar la Estrategia Nacional de Seguridad que impulsa la presidenta Claudia Sheinbaum Pardo, y el secretario de Seguridad y Protecci\u00f3n Ciudadana, Omar Garc\u00eda Harfuch, porque la paz y la transformaci\u00f3n y pacificaci\u00f3n de Chiapas y M\u00e9xico nada ni nadie las detiene.<\/p>\n\n\n\n<p class=\"wp-block-paragraph\"><a href=\"https:\/\/www.facebook.com\/hashtag\/secretar%C3%ADadeseguridaddelpueblo?__cft__[0]=AZZ6V6E883Iur054xc_tjrsnqXL7ublHEkFK_6STXia5Zxk1HxzZOkXTwxVqjKGKIFeWnqXVwCesLStd55Bl3fqi85b8pKw9CGFnAyZsPa25MB6WQWrinBVmvLw-UU9HHUYYwV1Qjv_IYK-jDObrSvJcdJRQQYPsR0WeOxm-q4GAAQ&amp;__tn__=*NK-R\" target=\"_blank\" rel=\"noopener\">#Secretar\u00edaDeSeguridadDelPueblo<\/a><\/p>\n\n\n\n<p class=\"wp-block-paragraph\"><a href=\"https:\/\/www.facebook.com\/hashtag\/%C3%B3scaraparicio?__cft__[0]=AZZ6V6E883Iur054xc_tjrsnqXL7ublHEkFK_6STXia5Zxk1HxzZOkXTwxVqjKGKIFeWnqXVwCesLStd55Bl3fqi85b8pKw9CGFnAyZsPa25MB6WQWrinBVmvLw-UU9HHUYYwV1Qjv_IYK-jDObrSvJcdJRQQYPsR0WeOxm-q4GAAQ&amp;__tn__=*NK-R\" target=\"_blank\" rel=\"noopener\">#\u00d3scarAparicio<\/a><\/p>\n","protected":false},"excerpt":{"rendered":"<p>Tuxtla Guti\u00e9rrez, Chiapas; 31 de mayo de 2026.- El secretario de Seguridad del Pueblo, \u00d3scar Alberto Aparicio Avenda\u00f1o, afirm\u00f3 que a dos a\u00f1os del triunfo hist\u00f3rico de la presidenta Claudia Sheinbaum Pardo, y con el liderazgo del gobernador Eduardo Ram\u00edrez Aguilar, la estrecha coordinaci\u00f3n, la unidad y la comunicaci\u00f3n directa de la Federaci\u00f3n con los [&hellip;]<\/p>\n","protected":false},"author":1,"featured_media":144215,"comment_status":"closed","ping_status":"closed","sticky":false,"template":"","format":"standard","meta":{"footnotes":""},"categories":[1],"tags":[],"class_list":["post-144212","post","type-post","status-publish","format-standard","has-post-thumbnail","hentry","category-general"],"_links":{"self":[{"href":"https:\/\/elobservadorzonanorte.com.mx\/index.php?rest_route=\/wp\/v2\/posts\/144212","targetHints":{"allow":["GET"]}}],"collection":[{"href":"https:\/\/elobservadorzonanorte.com.mx\/index.php?rest_route=\/wp\/v2\/posts"}],"about":[{"href":"https:\/\/elobservadorzonanorte.com.mx\/index.php?rest_route=\/wp\/v2\/types\/post"}],"author":[{"embeddable":true,"href":"https:\/\/elobservadorzonanorte.com.mx\/index.php?rest_route=\/wp\/v2\/users\/1"}],"replies":[{"embeddable":true,"href":"https:\/\/elobservadorzonanorte.com.mx\/index.php?rest_route=%2Fwp%2Fv2%2Fcomments&post=144212"}],"version-history":[{"count":1,"href":"https:\/\/elobservadorzonanorte.com.mx\/index.php?rest_route=\/wp\/v2\/posts\/144212\/revisions"}],"predecessor-version":[{"id":144216,"href":"https:\/\/elobservadorzonanorte.com.mx\/index.php?rest_route=\/wp\/v2\/posts\/144212\/revisions\/144216"}],"wp:featuredmedia":[{"embeddable":true,"href":"https:\/\/elobservadorzonanorte.com.mx\/index.php?rest_route=\/wp\/v2\/media\/144215"}],"wp:attachment":[{"href":"https:\/\/elobservadorzonanorte.com.mx\/index.php?rest_route=%2Fwp%2Fv2%2Fmedia&parent=144212"}],"wp:term":[{"taxonomy":"category","embeddable":true,"href":"https:\/\/elobservadorzonanorte.com.mx\/index.php?rest_route=%2Fwp%2Fv2%2Fcategories&post=144212"},{"taxonomy":"post_tag","embeddable":true,"href":"https:\/\/elobservadorzonanorte.com.mx\/index.php?rest_route=%2Fwp%2Fv2%2Ftags&post=144212"}],"curies":[{"name":"wp","href":"https:\/\/api.w.org\/{rel}","templated":true}]}}