{"id":141543,"date":"2026-05-01T05:10:32","date_gmt":"2026-05-01T05:10:32","guid":{"rendered":"https:\/\/elobservadorzonanorte.com.mx\/?p=141543"},"modified":"2026-05-01T05:10:33","modified_gmt":"2026-05-01T05:10:33","slug":"presentan-estandar-de-competencia-conocer-para-el-programa-chiapas-puede","status":"publish","type":"post","link":"https:\/\/elobservadorzonanorte.com.mx\/?p=141543","title":{"rendered":"Presentan Est\u00e1ndar de Competencia Conocer para el Programa Chiapas Puede"},"content":{"rendered":"\n<figure class=\"wp-block-image size-large\"><img decoding=\"async\" width=\"600\" height=\"400\" src=\"https:\/\/elobservadorzonanorte.com.mx\/wp-content\/uploads\/2026\/05\/imagen-26-600x400.jpg\" alt=\"\" class=\"wp-image-141579\" srcset=\"https:\/\/elobservadorzonanorte.com.mx\/wp-content\/uploads\/2026\/05\/imagen-26-600x400.jpg 600w, https:\/\/elobservadorzonanorte.com.mx\/wp-content\/uploads\/2026\/05\/imagen-26-300x200.jpg 300w, https:\/\/elobservadorzonanorte.com.mx\/wp-content\/uploads\/2026\/05\/imagen-26-768x513.jpg 768w, https:\/\/elobservadorzonanorte.com.mx\/wp-content\/uploads\/2026\/05\/imagen-26.jpg 809w\" sizes=\"(max-width: 600px) 100vw, 600px\" \/><\/figure>\n\n\n\n<p>\u2022 El programa elevar\u00e1 la calidad de los servicios educativos, dignificar\u00e1 el trabajo de las y los alfabetizadores y asegurar\u00e1 que los procesos formativos sean pertinentes, equitativos y culturalmente relevantes<\/p>\n\n\n\n<p>\u201cComo ha indicado el gobernador Eduardo Ram\u00edrez, que la gente se alfabetice en su lengua es un acto de verdadera justicia; por ello, hoy alfabetizar significa transformaci\u00f3n, justicia y amor\u201d, expuso Roger Mandujano, secretario de Educaci\u00f3n, en el marco de la presentaci\u00f3n del Est\u00e1ndar de Competencia EC-1780 del Consejo Nacional de Normalizaci\u00f3n y Certificaci\u00f3n de Competencias Laborales (Conocer) para el Programa Estatal de Alfabetizaci\u00f3n Chiapas Puede.<\/p>\n\n\n\n<p>Como parte de la misi\u00f3n de combatir el analfabetismo impulsada por el gobernador Eduardo Ram\u00edrez, esta presentaci\u00f3n se enmarca en el Programa Chiapas Puede, el cual impulsa acciones estrat\u00e9gicas orientadas a garantizar el acceso a la lectura y la escritura a personas j\u00f3venes y adultas, respetando su lengua materna y su identidad cultural.<\/p>\n\n\n\n<p>El Est\u00e1ndar de Competencia EC-1780 contempla las acciones sustantivas para diagnosticar, planear, impartir y evaluar los procesos educativos orientados a la alfabetizaci\u00f3n biling\u00fce; reconoce el papel fundamental de las personas asesoras en el acompa\u00f1amiento a las y los educandos en el aprendizaje de la lectoescritura, mediante la aplicaci\u00f3n del M\u00e9todo Mat\u00edas de C\u00f3rdova, identificando sus necesidades y adaptando la ense\u00f1anza y la evaluaci\u00f3n de acuerdo con su contexto.<\/p>\n\n\n\n<p>Asimismo, este est\u00e1ndar establece los conocimientos, habilidades, destrezas y actitudes necesarias para facilitar procesos de ense\u00f1anza-aprendizaje pertinentes, inclusivos y contextualizados, que respondan a la diversidad ling\u00fc\u00edstica y cultural de las comunidades chiapanecas.<\/p>\n\n\n\n<p>C\u00e9sar Espinosa, director general del Instituto de Capacitaci\u00f3n y Vinculaci\u00f3n Tecnol\u00f3gica del Estado de Chiapas (Icatech), destac\u00f3 que este est\u00e1ndar es \u00fanico en su tipo, resultado de un trabajo construido a partir de conocimientos t\u00e9cnicos y acad\u00e9micos del gabinete educativo del Gobierno del Estado, lo que representa una aportaci\u00f3n de Chiapas a nivel nacional. \u201cM\u00e1s de 2 mil 500 personas alfabetizadoras ser\u00e1n capacitadas en su idioma, desde su lengua y cultura, por lo que este programa tiene identidad y prop\u00f3sito\u201d, se\u00f1al\u00f3.<\/p>\n\n\n\n<p>En su intervenci\u00f3n, Ram\u00f3n V\u00e1zquez Cruz, integrante del Departamento de Seguimiento del Instituto Chiapaneco de Educaci\u00f3n para J\u00f3venes y Adultos (Icheja), agradeci\u00f3 el enfoque humanista del gobernador Ram\u00edrez Aguilar por atender el analfabetismo como una prioridad e impulsar un Chiapas m\u00e1s justo, libre de discriminaci\u00f3n y racismo.<\/p>\n\n\n\n<p>Por su parte, Guillermina Alvarado Moreno, directora general del Consejo Nacional de Normalizaci\u00f3n y Certificaci\u00f3n de Competencias Laborales (Conocer), resalt\u00f3 el compromiso del gobernador Eduardo Ram\u00edrez con la inclusi\u00f3n, la justicia social y el derecho a la educaci\u00f3n, promoviendo una alfabetizaci\u00f3n que reconoce y valora la riqueza cultural de Chiapas.<\/p>\n\n\n\n<p>\u201cSon ustedes quienes transforman, con sus estrategias did\u00e1cticas y ling\u00fc\u00edsticas. Este programa contribuir\u00e1 a mejorar la calidad del servicio educativo y a dignificar la labor de las y los alfabetizadores, en favor del bienestar y la grandeza de M\u00e9xico\u201d, expres\u00f3.<\/p>\n\n\n\n<p>Roger Mandujano, titular de la pol\u00edtica educativa, se\u00f1al\u00f3 que se viven tiempos en los que se reconoce y valora la diversidad cultural, a partir de la innovaci\u00f3n del M\u00e9todo Mat\u00edas de C\u00f3rdova y del fortalecimiento del respeto a las lenguas originarias. Asimismo, agradeci\u00f3 el trabajo colaborativo y de gesti\u00f3n por parte de Flor Marina Berm\u00fadez, coordinadora operativa del programa, para materializar esta alianza estrat\u00e9gica:<\/p>\n\n\n\n<p>\u201cDesde todos los espacios y saberes, como lo plantea el Lekil Kuxlejal \u2014la m\u00edstica de la pol\u00edtica p\u00fablica en Chiapas\u2014, hemos aprendido de las y los asesores, y aspiramos a que estas filosof\u00edas se materialicen en acciones concretas\u201d, concluy\u00f3.<\/p>\n\n\n\n<p>Al evento asistieron la diputada Silvia Esther Arg\u00fcello Garc\u00eda, presidenta de la Comisi\u00f3n de Educaci\u00f3n del Congreso del Estado; Gilberto de los Santos Cruz, subsecretario de Educaci\u00f3n Estatal; Sergio David Molina G\u00f3mez, director general del Icheja; Ren\u00e9 Gregorio Vel\u00e1zquez Santiago, director del Instituto de Evaluaci\u00f3n, Profesionalizaci\u00f3n y Promoci\u00f3n Docente de Chiapas; Leonardo Omar Le\u00f3n Alc\u00e1zar, director general del Conalep Chiapas; Fanny L\u00f3pez Jim\u00e9nez, rectora de la Unicach; Javier L\u00f3pez S\u00e1nchez, rector de la Universidad Intercultural de Chiapas; Indra Ruth Toledo Couti\u00f1o, rectora de la Universidad Polit\u00e9cnica de Chiapas; Jorge Alonso Huitr\u00f3n Flores, rector de la Universidad Tecnol\u00f3gica de la Selva; Fabiola Astudillo Reyes, directora de la Universidad Rosario Castellanos, campus Chiapas; Andr\u00e9s S\u00e1nchez Le\u00f3n, rector de la Universidad Polit\u00e9cnica de Tapachula.<\/p>\n","protected":false},"excerpt":{"rendered":"<p>\u2022 El programa elevar\u00e1 la calidad de los servicios educativos, dignificar\u00e1 el trabajo de las y los alfabetizadores y asegurar\u00e1 que los procesos formativos sean pertinentes, equitativos y culturalmente relevantes \u201cComo ha indicado el gobernador Eduardo Ram\u00edrez, que la gente se alfabetice en su lengua es un acto de verdadera justicia; por ello, hoy alfabetizar [&hellip;]<\/p>\n","protected":false},"author":1,"featured_media":141579,"comment_status":"closed","ping_status":"closed","sticky":false,"template":"","format":"standard","meta":{"footnotes":""},"categories":[1],"tags":[],"class_list":["post-141543","post","type-post","status-publish","format-standard","has-post-thumbnail","hentry","category-general"],"_links":{"self":[{"href":"https:\/\/elobservadorzonanorte.com.mx\/index.php?rest_route=\/wp\/v2\/posts\/141543","targetHints":{"allow":["GET"]}}],"collection":[{"href":"https:\/\/elobservadorzonanorte.com.mx\/index.php?rest_route=\/wp\/v2\/posts"}],"about":[{"href":"https:\/\/elobservadorzonanorte.com.mx\/index.php?rest_route=\/wp\/v2\/types\/post"}],"author":[{"embeddable":true,"href":"https:\/\/elobservadorzonanorte.com.mx\/index.php?rest_route=\/wp\/v2\/users\/1"}],"replies":[{"embeddable":true,"href":"https:\/\/elobservadorzonanorte.com.mx\/index.php?rest_route=%2Fwp%2Fv2%2Fcomments&post=141543"}],"version-history":[{"count":1,"href":"https:\/\/elobservadorzonanorte.com.mx\/index.php?rest_route=\/wp\/v2\/posts\/141543\/revisions"}],"predecessor-version":[{"id":141606,"href":"https:\/\/elobservadorzonanorte.com.mx\/index.php?rest_route=\/wp\/v2\/posts\/141543\/revisions\/141606"}],"wp:featuredmedia":[{"embeddable":true,"href":"https:\/\/elobservadorzonanorte.com.mx\/index.php?rest_route=\/wp\/v2\/media\/141579"}],"wp:attachment":[{"href":"https:\/\/elobservadorzonanorte.com.mx\/index.php?rest_route=%2Fwp%2Fv2%2Fmedia&parent=141543"}],"wp:term":[{"taxonomy":"category","embeddable":true,"href":"https:\/\/elobservadorzonanorte.com.mx\/index.php?rest_route=%2Fwp%2Fv2%2Fcategories&post=141543"},{"taxonomy":"post_tag","embeddable":true,"href":"https:\/\/elobservadorzonanorte.com.mx\/index.php?rest_route=%2Fwp%2Fv2%2Ftags&post=141543"}],"curies":[{"name":"wp","href":"https:\/\/api.w.org\/{rel}","templated":true}]}}