{"id":141541,"date":"2026-05-01T05:10:42","date_gmt":"2026-05-01T05:10:42","guid":{"rendered":"https:\/\/elobservadorzonanorte.com.mx\/?p=141541"},"modified":"2026-05-01T05:10:43","modified_gmt":"2026-05-01T05:10:43","slug":"dulce-rodriguez-ovando-destaca-avance-juridico-en-favor-de-las-mujeres-de-chiapas-con-la-ley-petrona","status":"publish","type":"post","link":"https:\/\/elobservadorzonanorte.com.mx\/?p=141541","title":{"rendered":"Dulce Rodr\u00edguez Ovando destaca avance jur\u00eddico en favor de las mujeres de Chiapas con la Ley Petrona"},"content":{"rendered":"\n<figure class=\"wp-block-image size-large\"><img decoding=\"async\" width=\"600\" height=\"400\" src=\"https:\/\/elobservadorzonanorte.com.mx\/wp-content\/uploads\/2026\/05\/imagen-27-600x400.jpg\" alt=\"\" class=\"wp-image-141580\" srcset=\"https:\/\/elobservadorzonanorte.com.mx\/wp-content\/uploads\/2026\/05\/imagen-27-600x400.jpg 600w, https:\/\/elobservadorzonanorte.com.mx\/wp-content\/uploads\/2026\/05\/imagen-27-300x200.jpg 300w, https:\/\/elobservadorzonanorte.com.mx\/wp-content\/uploads\/2026\/05\/imagen-27-768x511.jpg 768w, https:\/\/elobservadorzonanorte.com.mx\/wp-content\/uploads\/2026\/05\/imagen-27.jpg 811w\" sizes=\"(max-width: 600px) 100vw, 600px\" \/><\/figure>\n\n\n\n<p>\u2022 Chiapas avanza en el reconocimiento de la leg\u00edtima defensa con perspectiva de g\u00e9nero<\/p>\n\n\n\n<p>\u2022 Gobierno estatal reafirma compromiso con los derechos y la protecci\u00f3n de las mujeres<\/p>\n\n\n\n<p>La protecci\u00f3n de los derechos de las mujeres y el fortalecimiento de la justicia con perspectiva de g\u00e9nero son prioridades para el gobierno que encabeza Eduardo Ram\u00edrez Aguilar. En este contexto, la Secretar\u00eda General de Gobierno y Mediaci\u00f3n expres\u00f3 su respaldo a la aprobaci\u00f3n de la denominada Ley Petrona, iniciativa que fortalece el marco jur\u00eddico estatal en materia de leg\u00edtima defensa con perspectiva de g\u00e9nero.<\/p>\n\n\n\n<p>La reforma, aprobada por el Congreso del Estado de Chiapas, contempla modificaciones al C\u00f3digo Penal estatal con el objetivo de reconocer los contextos de violencia que enfrentan las mujeres, particularmente en situaciones en las que se ven obligadas a actuar para proteger su vida, integridad o libertad.<\/p>\n\n\n\n<p>Desde la Secretar\u00eda General de Gobierno y Mediaci\u00f3n, encabezada por Dulce Rodr\u00edguez Ovando, se destac\u00f3 que este avance legislativo representa un paso importante en la consolidaci\u00f3n de una pol\u00edtica p\u00fablica orientada a garantizar el acceso a la justicia, evitando la criminalizaci\u00f3n de mujeres que han sido v\u00edctimas de violencia.<\/p>\n\n\n\n<p>La titular de la dependencia subray\u00f3 que el enfoque de esta reforma se alinea con la visi\u00f3n humanista del Gobierno del Estado, al reconocer que la atenci\u00f3n a la violencia contra las mujeres requiere no solo acciones de prevenci\u00f3n y acompa\u00f1amiento, sino tambi\u00e9n el fortalecimiento del marco legal para garantizar una respuesta justa y adecuada.<\/p>\n\n\n\n<p>Asimismo, se se\u00f1al\u00f3 que esta disposici\u00f3n permitir\u00e1 que las autoridades encargadas de la procuraci\u00f3n y administraci\u00f3n de justicia analicen los casos con perspectiva de g\u00e9nero, considerando elementos como la existencia de violencia sistem\u00e1tica, el riesgo inminente y las condiciones en las que se desarrollan los hechos.<\/p>\n\n\n\n<p>La Secretar\u00eda General de Gobierno y Mediaci\u00f3n reiter\u00f3 que el trabajo institucional en la materia se sustenta en una estrategia integral que articula acciones de mediaci\u00f3n, seguridad, atenci\u00f3n a v\u00edctimas y coordinaci\u00f3n interinstitucional, con el objetivo de atender las causas estructurales de la violencia y garantizar entornos m\u00e1s seguros para las mujeres.<\/p>\n\n\n\n<p>De igual forma, se destac\u00f3 la importancia de fortalecer la difusi\u00f3n de este tipo de reformas, particularmente en comunidades y pueblos originarios, para garantizar que las mujeres conozcan sus derechos y tengan acceso a mecanismos de protecci\u00f3n y justicia.<\/p>\n\n\n\n<p>Con este posicionamiento, el Gobierno de Chiapas reafirma su compromiso de continuar impulsando acciones que fortalezcan la igualdad sustantiva, el respeto a los derechos humanos y el acceso efectivo a la justicia para las mujeres, avanzando en la construcci\u00f3n de una sociedad m\u00e1s justa y libre de violencia.<\/p>\n","protected":false},"excerpt":{"rendered":"<p>\u2022 Chiapas avanza en el reconocimiento de la leg\u00edtima defensa con perspectiva de g\u00e9nero \u2022 Gobierno estatal reafirma compromiso con los derechos y la protecci\u00f3n de las mujeres La protecci\u00f3n de los derechos de las mujeres y el fortalecimiento de la justicia con perspectiva de g\u00e9nero son prioridades para el gobierno que encabeza Eduardo Ram\u00edrez [&hellip;]<\/p>\n","protected":false},"author":1,"featured_media":141580,"comment_status":"closed","ping_status":"closed","sticky":false,"template":"","format":"standard","meta":{"footnotes":""},"categories":[1],"tags":[],"class_list":["post-141541","post","type-post","status-publish","format-standard","has-post-thumbnail","hentry","category-general"],"_links":{"self":[{"href":"https:\/\/elobservadorzonanorte.com.mx\/index.php?rest_route=\/wp\/v2\/posts\/141541","targetHints":{"allow":["GET"]}}],"collection":[{"href":"https:\/\/elobservadorzonanorte.com.mx\/index.php?rest_route=\/wp\/v2\/posts"}],"about":[{"href":"https:\/\/elobservadorzonanorte.com.mx\/index.php?rest_route=\/wp\/v2\/types\/post"}],"author":[{"embeddable":true,"href":"https:\/\/elobservadorzonanorte.com.mx\/index.php?rest_route=\/wp\/v2\/users\/1"}],"replies":[{"embeddable":true,"href":"https:\/\/elobservadorzonanorte.com.mx\/index.php?rest_route=%2Fwp%2Fv2%2Fcomments&post=141541"}],"version-history":[{"count":1,"href":"https:\/\/elobservadorzonanorte.com.mx\/index.php?rest_route=\/wp\/v2\/posts\/141541\/revisions"}],"predecessor-version":[{"id":141607,"href":"https:\/\/elobservadorzonanorte.com.mx\/index.php?rest_route=\/wp\/v2\/posts\/141541\/revisions\/141607"}],"wp:featuredmedia":[{"embeddable":true,"href":"https:\/\/elobservadorzonanorte.com.mx\/index.php?rest_route=\/wp\/v2\/media\/141580"}],"wp:attachment":[{"href":"https:\/\/elobservadorzonanorte.com.mx\/index.php?rest_route=%2Fwp%2Fv2%2Fmedia&parent=141541"}],"wp:term":[{"taxonomy":"category","embeddable":true,"href":"https:\/\/elobservadorzonanorte.com.mx\/index.php?rest_route=%2Fwp%2Fv2%2Fcategories&post=141541"},{"taxonomy":"post_tag","embeddable":true,"href":"https:\/\/elobservadorzonanorte.com.mx\/index.php?rest_route=%2Fwp%2Fv2%2Ftags&post=141541"}],"curies":[{"name":"wp","href":"https:\/\/api.w.org\/{rel}","templated":true}]}}