{"id":141539,"date":"2026-05-01T05:10:16","date_gmt":"2026-05-01T05:10:16","guid":{"rendered":"https:\/\/elobservadorzonanorte.com.mx\/?p=141539"},"modified":"2026-05-01T05:10:17","modified_gmt":"2026-05-01T05:10:17","slug":"eduardo-ramirez-encabeza-festejo-del-dia-de-la-nina-y-el-nino-en-tuxtla-gutierrez-2","status":"publish","type":"post","link":"https:\/\/elobservadorzonanorte.com.mx\/?p=141539","title":{"rendered":"*Eduardo Ram\u00edrez encabeza festejo del D\u00eda de la Ni\u00f1a y el Ni\u00f1o en Tuxtla Guti\u00e9rrez*"},"content":{"rendered":"<p><iframe loading=\"lazy\" src=\"https:\/\/www.facebook.com\/plugins\/video.php?height=476&#038;href=https%3A%2F%2Fwww.facebook.com%2Freel%2F1498559841990602%2F&#038;show_text=false&#038;width=267&#038;t=0\" width=\"267\" height=\"476\" style=\"border:none;overflow:hidden\" scrolling=\"no\" frameborder=\"0\" allowfullscreen=\"true\" allow=\"autoplay; clipboard-write; encrypted-media; picture-in-picture; web-share\" allowFullScreen=\"true\"><\/iframe><\/p>\n\n\n\n<p>El gobernador Eduardo Ram\u00edrez Aguilar, acompa\u00f1ado del secretario del Humanismo, Paco Chac\u00f3n, encabez\u00f3 el festejo del D\u00eda de la Ni\u00f1a y el Ni\u00f1o, en la colonia Chiapas Solidario, en Tuxtla Guti\u00e9rrez, donde destac\u00f3 que una de las prioridades del gobierno de la Nueva ERA es garantizar el bienestar y la felicidad de la ni\u00f1ez.<\/p>\n\n\n\n<p>En un ambiente de alegr\u00eda y entusiasmo, con la presencia de ni\u00f1as y ni\u00f1os de distintas colonias de la capital, el mandatario expres\u00f3 que la infancia representa una de las etapas m\u00e1s valiosas de la vida, por ello exhort\u00f3 a madres y padres a acompa\u00f1ar a sus hijas e hijos con amor, comprensi\u00f3n y cercan\u00eda.<\/p>\n\n\n\n<figure class=\"wp-block-video\"><\/figure>\n","protected":false},"excerpt":{"rendered":"<p>El gobernador Eduardo Ram\u00edrez Aguilar, acompa\u00f1ado del secretario del Humanismo, Paco Chac\u00f3n, encabez\u00f3 el festejo del D\u00eda de la Ni\u00f1a y el Ni\u00f1o, en la colonia Chiapas Solidario, en Tuxtla Guti\u00e9rrez, donde destac\u00f3 que una de las prioridades del gobierno de la Nueva ERA es garantizar el bienestar y la felicidad de la ni\u00f1ez. En [&hellip;]<\/p>\n","protected":false},"author":1,"featured_media":0,"comment_status":"closed","ping_status":"closed","sticky":false,"template":"","format":"standard","meta":{"footnotes":""},"categories":[1],"tags":[],"class_list":["post-141539","post","type-post","status-publish","format-standard","hentry","category-general"],"_links":{"self":[{"href":"https:\/\/elobservadorzonanorte.com.mx\/index.php?rest_route=\/wp\/v2\/posts\/141539","targetHints":{"allow":["GET"]}}],"collection":[{"href":"https:\/\/elobservadorzonanorte.com.mx\/index.php?rest_route=\/wp\/v2\/posts"}],"about":[{"href":"https:\/\/elobservadorzonanorte.com.mx\/index.php?rest_route=\/wp\/v2\/types\/post"}],"author":[{"embeddable":true,"href":"https:\/\/elobservadorzonanorte.com.mx\/index.php?rest_route=\/wp\/v2\/users\/1"}],"replies":[{"embeddable":true,"href":"https:\/\/elobservadorzonanorte.com.mx\/index.php?rest_route=%2Fwp%2Fv2%2Fcomments&post=141539"}],"version-history":[{"count":1,"href":"https:\/\/elobservadorzonanorte.com.mx\/index.php?rest_route=\/wp\/v2\/posts\/141539\/revisions"}],"predecessor-version":[{"id":141604,"href":"https:\/\/elobservadorzonanorte.com.mx\/index.php?rest_route=\/wp\/v2\/posts\/141539\/revisions\/141604"}],"wp:attachment":[{"href":"https:\/\/elobservadorzonanorte.com.mx\/index.php?rest_route=%2Fwp%2Fv2%2Fmedia&parent=141539"}],"wp:term":[{"taxonomy":"category","embeddable":true,"href":"https:\/\/elobservadorzonanorte.com.mx\/index.php?rest_route=%2Fwp%2Fv2%2Fcategories&post=141539"},{"taxonomy":"post_tag","embeddable":true,"href":"https:\/\/elobservadorzonanorte.com.mx\/index.php?rest_route=%2Fwp%2Fv2%2Ftags&post=141539"}],"curies":[{"name":"wp","href":"https:\/\/api.w.org\/{rel}","templated":true}]}}