{"id":141537,"date":"2026-05-01T05:10:14","date_gmt":"2026-05-01T05:10:14","guid":{"rendered":"https:\/\/elobservadorzonanorte.com.mx\/?p=141537"},"modified":"2026-05-01T05:10:14","modified_gmt":"2026-05-01T05:10:14","slug":"eduardo-ramirez-encabeza-festejo-del-dia-de-la-nina-y-el-nino-en-tuxtla-gutierrez","status":"publish","type":"post","link":"https:\/\/elobservadorzonanorte.com.mx\/?p=141537","title":{"rendered":"*Eduardo Ram\u00edrez encabeza festejo del D\u00eda de la Ni\u00f1a y el Ni\u00f1o en Tuxtla Guti\u00e9rrez*"},"content":{"rendered":"\n<figure class=\"wp-block-image size-full\"><img decoding=\"async\" width=\"590\" height=\"394\" src=\"https:\/\/elobservadorzonanorte.com.mx\/wp-content\/uploads\/2026\/05\/imagen-21.jpg\" alt=\"\" class=\"wp-image-141574\" srcset=\"https:\/\/elobservadorzonanorte.com.mx\/wp-content\/uploads\/2026\/05\/imagen-21.jpg 590w, https:\/\/elobservadorzonanorte.com.mx\/wp-content\/uploads\/2026\/05\/imagen-21-300x200.jpg 300w\" sizes=\"(max-width: 590px) 100vw, 590px\" \/><\/figure>\n\n\n\n<figure class=\"wp-block-image size-full\"><img decoding=\"async\" width=\"590\" height=\"394\" src=\"https:\/\/elobservadorzonanorte.com.mx\/wp-content\/uploads\/2026\/05\/imagen-22.jpg\" alt=\"\" class=\"wp-image-141575\" srcset=\"https:\/\/elobservadorzonanorte.com.mx\/wp-content\/uploads\/2026\/05\/imagen-22.jpg 590w, https:\/\/elobservadorzonanorte.com.mx\/wp-content\/uploads\/2026\/05\/imagen-22-300x200.jpg 300w\" sizes=\"(max-width: 590px) 100vw, 590px\" \/><\/figure>\n\n\n\n<figure class=\"wp-block-image size-full\"><img decoding=\"async\" width=\"590\" height=\"394\" src=\"https:\/\/elobservadorzonanorte.com.mx\/wp-content\/uploads\/2026\/05\/imagen-23.jpg\" alt=\"\" class=\"wp-image-141576\" srcset=\"https:\/\/elobservadorzonanorte.com.mx\/wp-content\/uploads\/2026\/05\/imagen-23.jpg 590w, https:\/\/elobservadorzonanorte.com.mx\/wp-content\/uploads\/2026\/05\/imagen-23-300x200.jpg 300w\" sizes=\"(max-width: 590px) 100vw, 590px\" \/><\/figure>\n\n\n\n<figure class=\"wp-block-image size-full\"><img decoding=\"async\" width=\"590\" height=\"394\" src=\"https:\/\/elobservadorzonanorte.com.mx\/wp-content\/uploads\/2026\/05\/imagen-24.jpg\" alt=\"\" class=\"wp-image-141577\" srcset=\"https:\/\/elobservadorzonanorte.com.mx\/wp-content\/uploads\/2026\/05\/imagen-24.jpg 590w, https:\/\/elobservadorzonanorte.com.mx\/wp-content\/uploads\/2026\/05\/imagen-24-300x200.jpg 300w\" sizes=\"(max-width: 590px) 100vw, 590px\" \/><\/figure>\n\n\n\n<p>&#8211; Acompa\u00f1ado del secretario del Humanismo, Paco Chac\u00f3n, el gobernador convivi\u00f3 con ni\u00f1as y ni\u00f1os de distintas colonias<\/p>\n\n\n\n<p>En un ambiente de alegr\u00eda y entusiasmo, el gobernador Eduardo Ram\u00edrez Aguilar encabez\u00f3 la celebraci\u00f3n del D\u00eda de la Ni\u00f1a y el Ni\u00f1o en la colonia Chiapas Solidario, en Tuxtla Guti\u00e9rrez, donde se reunieron ni\u00f1as y ni\u00f1os de distintas colonias de la capital chiapaneca. En ese marco, destac\u00f3 que una de las prioridades del gobierno de la Nueva ERA es garantizar el bienestar y la felicidad de la ni\u00f1ez.<\/p>\n\n\n\n<p>Acompa\u00f1ado por la se\u00f1ora Sof\u00eda Espinoza Abarca y su hija Grecia Ram\u00edrez Espinoza, el mandatario entreg\u00f3 obsequios y convivi\u00f3 con las y los asistentes durante los juegos, la kerm\u00e9s y otras actividades preparadas para esta ocasi\u00f3n especial. En su mensaje, comparti\u00f3 que la infancia representa una de las etapas m\u00e1s valiosas de la vida y exhort\u00f3 a madres y padres a acompa\u00f1ar a sus hijas e hijos con amor, comprensi\u00f3n y cercan\u00eda.<\/p>\n\n\n\n<p>\u201cQuieran mucho a sus hijos y a sus hijas, abr\u00e1cenlos muy fuerte y procuren siempre ser comprensivos, porque la etapa de la ni\u00f1ez y la juventud pasa muy r\u00e1pido. Aprendamos a ser felices, seamos felices y disfrutemos de nuestras hijas e hijos. \u00a1Feliz D\u00eda de la Ni\u00f1a y el Ni\u00f1o!\u201d, expres\u00f3.<\/p>\n\n\n\n<p>El secretario del Humanismo, Paco Chac\u00f3n, manifest\u00f3 su entusiasmo por celebrar esta fecha junto a las ni\u00f1as y los ni\u00f1os de Tuxtla Guti\u00e9rrez, a quienes invit\u00f3 a disfrutar plenamente su infancia, al considerarla una de las etapas m\u00e1s significativas de la vida. Asimismo, les anim\u00f3 a vivir con alegr\u00eda esta convivencia organizada especialmente para ellas y ellos.<\/p>\n\n\n\n<p>Por su parte, el presidente de la colonia Chiapas Solidario, Juan Francisco Montero Canseco, agradeci\u00f3 al gobierno de Eduardo Ram\u00edrez por festejar a la ni\u00f1ez en su d\u00eda y por impulsar programas que contribuyen al bienestar de la poblaci\u00f3n, como Cuidar es Amar, Conecta Chiapas, A Paso Firme y Comedores del Humanismo, entre otros. Se\u00f1al\u00f3 que habitantes de Chiapas Solidario y de colonias como Potinaspak, Shank\u00e1, Condesa, Ampliaci\u00f3n Condesa, San Juan y Elmar Seltzer reconocen que, con la Nueva ERA, se vive con mayor seguridad y mejores oportunidades.<\/p>\n\n\n\n<p>Estuvieron presentes la diputada presidenta de la Mesa Directiva del Congreso del Estado, Alejandra G\u00f3mez Mendoza; la diputada local por el Distrito XIII, Getseman\u00ed Moreno Mart\u00ednez; el director general del Conalep Chiapas, Leonardo Le\u00f3n Alc\u00e1zar; el subsecretario de Ingresos de la Secretar\u00eda de Finanzas, Felipe de Jes\u00fas Granda Pastrana; la esposa del Secretario del Humanismo, Graciela Zamora; as\u00ed como madres, padres, ni\u00f1as y ni\u00f1os de distintas colonias de Tuxtla Guti\u00e9rrez.<\/p>\n","protected":false},"excerpt":{"rendered":"<p>&#8211; Acompa\u00f1ado del secretario del Humanismo, Paco Chac\u00f3n, el gobernador convivi\u00f3 con ni\u00f1as y ni\u00f1os de distintas colonias En un ambiente de alegr\u00eda y entusiasmo, el gobernador Eduardo Ram\u00edrez Aguilar encabez\u00f3 la celebraci\u00f3n del D\u00eda de la Ni\u00f1a y el Ni\u00f1o en la colonia Chiapas Solidario, en Tuxtla Guti\u00e9rrez, donde se reunieron ni\u00f1as y ni\u00f1os [&hellip;]<\/p>\n","protected":false},"author":1,"featured_media":141574,"comment_status":"closed","ping_status":"closed","sticky":false,"template":"","format":"standard","meta":{"footnotes":""},"categories":[1],"tags":[],"class_list":["post-141537","post","type-post","status-publish","format-standard","has-post-thumbnail","hentry","category-general"],"_links":{"self":[{"href":"https:\/\/elobservadorzonanorte.com.mx\/index.php?rest_route=\/wp\/v2\/posts\/141537","targetHints":{"allow":["GET"]}}],"collection":[{"href":"https:\/\/elobservadorzonanorte.com.mx\/index.php?rest_route=\/wp\/v2\/posts"}],"about":[{"href":"https:\/\/elobservadorzonanorte.com.mx\/index.php?rest_route=\/wp\/v2\/types\/post"}],"author":[{"embeddable":true,"href":"https:\/\/elobservadorzonanorte.com.mx\/index.php?rest_route=\/wp\/v2\/users\/1"}],"replies":[{"embeddable":true,"href":"https:\/\/elobservadorzonanorte.com.mx\/index.php?rest_route=%2Fwp%2Fv2%2Fcomments&post=141537"}],"version-history":[{"count":1,"href":"https:\/\/elobservadorzonanorte.com.mx\/index.php?rest_route=\/wp\/v2\/posts\/141537\/revisions"}],"predecessor-version":[{"id":141603,"href":"https:\/\/elobservadorzonanorte.com.mx\/index.php?rest_route=\/wp\/v2\/posts\/141537\/revisions\/141603"}],"wp:featuredmedia":[{"embeddable":true,"href":"https:\/\/elobservadorzonanorte.com.mx\/index.php?rest_route=\/wp\/v2\/media\/141574"}],"wp:attachment":[{"href":"https:\/\/elobservadorzonanorte.com.mx\/index.php?rest_route=%2Fwp%2Fv2%2Fmedia&parent=141537"}],"wp:term":[{"taxonomy":"category","embeddable":true,"href":"https:\/\/elobservadorzonanorte.com.mx\/index.php?rest_route=%2Fwp%2Fv2%2Fcategories&post=141537"},{"taxonomy":"post_tag","embeddable":true,"href":"https:\/\/elobservadorzonanorte.com.mx\/index.php?rest_route=%2Fwp%2Fv2%2Ftags&post=141537"}],"curies":[{"name":"wp","href":"https:\/\/api.w.org\/{rel}","templated":true}]}}