{"id":141531,"date":"2026-05-01T05:09:36","date_gmt":"2026-05-01T05:09:36","guid":{"rendered":"https:\/\/elobservadorzonanorte.com.mx\/?p=141531"},"modified":"2026-05-01T05:09:37","modified_gmt":"2026-05-01T05:09:37","slug":"erlen-sanchez-hernandez-y-rodriguez-estrada-neydi-festejan-en-grande-el-dia-del-nino-en-pueblo-nuevo-solistahuacan","status":"publish","type":"post","link":"https:\/\/elobservadorzonanorte.com.mx\/?p=141531","title":{"rendered":"Erlen Sanchez Hernandez y Rodriguez Estrada Neydi festejan en grande el D\u00eda del Ni\u00f1o en Pueblo Nuevo Solistahuac\u00e1n"},"content":{"rendered":"<p><iframe loading=\"lazy\" src=\"https:\/\/www.facebook.com\/plugins\/video.php?height=314&#038;href=https%3A%2F%2Fwww.facebook.com%2Freel%2F1702086524125110%2F&#038;show_text=false&#038;width=560&#038;t=0\" width=\"560\" height=\"314\" style=\"border:none;overflow:hidden\" scrolling=\"no\" frameborder=\"0\" allowfullscreen=\"true\" allow=\"autoplay; clipboard-write; encrypted-media; picture-in-picture; web-share\" allowFullScreen=\"true\"><\/iframe><\/p>\n\n\n\n<p>El presidente municipal Erlen S\u00e1nchez Hern\u00e1ndez en compa\u00f1\u00eda de su esposa, Eunice Eneyda Rodr\u00edguez Estrada, as\u00ed como de integrantes del Cabildo, del DIF Municipal y del personal del H. Ayuntamiento de Pueblo Nuevo Solistahuac\u00e1n, conmemoraron con profundo sentido humano el D\u00eda de la Ni\u00f1a y el Ni\u00f1o.<\/p>\n\n\n\n<p>Celebrando a todas y todos los ni\u00f1os, quienes, con su energ\u00eda, creatividad e inocencia, enriquecen la vida comunitaria y fortalecen los lazos familiares.<\/p>\n\n\n\n<p>El alcalde reconoci\u00f3 que la ni\u00f1ez no solo representa la esperanza del ma\u00f1ana, sino la base viva del presente; por ello, como gobierno y, ante todo, como sociedad, asumen la responsabilidad de impulsar sus sue\u00f1os, garantizar sus derechos y generar condiciones que favorezcan su desarrollo integral en Pueblo Nuevo, en Chiapas y en M\u00e9xico.<\/p>\n\n\n\n<p>\u00abEs para nosotros un honor poder brindar un gesto de cercan\u00eda y afecto a trav\u00e9s de la entrega de obsequios. El d\u00eda de ayer visitamos diversas comunidades, y hoy nos encontramos en la cabecera municipal; en los pr\u00f3ximos d\u00edas continuaremos recorriendo cada comunidad y rancher\u00eda que a\u00fan falta, con el firme compromiso de que ninguna ni\u00f1a ni ning\u00fan ni\u00f1o quede sin recibir este detalle.<\/p>\n\n\n\n<p>Reafirmamos que, para esta administraci\u00f3n, la igualdad, la unidad y el amor al pr\u00f3jimo son principios fundamentales que gu\u00edan nuestro actuar cotidiano\u00bb.<\/p>\n\n\n\n<p><a href=\"https:\/\/www.facebook.com\/watch\/hashtag\/erlensanchezhernandez\/?__cft__[0]=AZZ6-tCsumaglbAR3LgzW2pumnwvWtS5lFq3Swu2iRzwYqmzJJE8fhlyrZyV_LEp02AfoYrWqvUT8Ng16Lo7ElwqReO3-r9n7LNOxXerlGa_IbJAcp1tyqoCYIHSB4gO5whN28DbRIUa_vxOgaz7UXyfV2ytdv8ZMD3GhlR47DA_VYVNVcyrfOtZGANlh_XUKoRDlo9FyOuCGVzvLUa1s3xz&amp;__tn__=*NK-R\" target=\"_blank\" rel=\"noopener\">#ErlenSanchezHernandez<\/a>.<\/p>\n\n\n\n<p><a href=\"https:\/\/www.facebook.com\/watch\/hashtag\/felizdiadelani%C3%B1aydelni%C3%B1o\/?__cft__[0]=AZZ6-tCsumaglbAR3LgzW2pumnwvWtS5lFq3Swu2iRzwYqmzJJE8fhlyrZyV_LEp02AfoYrWqvUT8Ng16Lo7ElwqReO3-r9n7LNOxXerlGa_IbJAcp1tyqoCYIHSB4gO5whN28DbRIUa_vxOgaz7UXyfV2ytdv8ZMD3GhlR47DA_VYVNVcyrfOtZGANlh_XUKoRDlo9FyOuCGVzvLUa1s3xz&amp;__tn__=*NK-R\" target=\"_blank\" rel=\"noopener\">#FelizDiaDeLaNi\u00f1aYDeLNi\u00f1o<\/a>.<\/p>\n\n\n\n<p><a href=\"https:\/\/www.facebook.com\/watch\/hashtag\/trabajandoconhumanismo\/?__cft__[0]=AZZ6-tCsumaglbAR3LgzW2pumnwvWtS5lFq3Swu2iRzwYqmzJJE8fhlyrZyV_LEp02AfoYrWqvUT8Ng16Lo7ElwqReO3-r9n7LNOxXerlGa_IbJAcp1tyqoCYIHSB4gO5whN28DbRIUa_vxOgaz7UXyfV2ytdv8ZMD3GhlR47DA_VYVNVcyrfOtZGANlh_XUKoRDlo9FyOuCGVzvLUa1s3xz&amp;__tn__=*NK-R\" target=\"_blank\" rel=\"noopener\">#TrabajandoConHumanismo<\/a>.<\/p>\n\n\n\n<figure class=\"wp-block-video\"><\/figure>\n","protected":false},"excerpt":{"rendered":"<p>El presidente municipal Erlen S\u00e1nchez Hern\u00e1ndez en compa\u00f1\u00eda de su esposa, Eunice Eneyda Rodr\u00edguez Estrada, as\u00ed como de integrantes del Cabildo, del DIF Municipal y del personal del H. Ayuntamiento de Pueblo Nuevo Solistahuac\u00e1n, conmemoraron con profundo sentido humano el D\u00eda de la Ni\u00f1a y el Ni\u00f1o. Celebrando a todas y todos los ni\u00f1os, quienes, [&hellip;]<\/p>\n","protected":false},"author":1,"featured_media":0,"comment_status":"closed","ping_status":"closed","sticky":false,"template":"","format":"standard","meta":{"footnotes":""},"categories":[1],"tags":[],"class_list":["post-141531","post","type-post","status-publish","format-standard","hentry","category-general"],"_links":{"self":[{"href":"https:\/\/elobservadorzonanorte.com.mx\/index.php?rest_route=\/wp\/v2\/posts\/141531","targetHints":{"allow":["GET"]}}],"collection":[{"href":"https:\/\/elobservadorzonanorte.com.mx\/index.php?rest_route=\/wp\/v2\/posts"}],"about":[{"href":"https:\/\/elobservadorzonanorte.com.mx\/index.php?rest_route=\/wp\/v2\/types\/post"}],"author":[{"embeddable":true,"href":"https:\/\/elobservadorzonanorte.com.mx\/index.php?rest_route=\/wp\/v2\/users\/1"}],"replies":[{"embeddable":true,"href":"https:\/\/elobservadorzonanorte.com.mx\/index.php?rest_route=%2Fwp%2Fv2%2Fcomments&post=141531"}],"version-history":[{"count":1,"href":"https:\/\/elobservadorzonanorte.com.mx\/index.php?rest_route=\/wp\/v2\/posts\/141531\/revisions"}],"predecessor-version":[{"id":141596,"href":"https:\/\/elobservadorzonanorte.com.mx\/index.php?rest_route=\/wp\/v2\/posts\/141531\/revisions\/141596"}],"wp:attachment":[{"href":"https:\/\/elobservadorzonanorte.com.mx\/index.php?rest_route=%2Fwp%2Fv2%2Fmedia&parent=141531"}],"wp:term":[{"taxonomy":"category","embeddable":true,"href":"https:\/\/elobservadorzonanorte.com.mx\/index.php?rest_route=%2Fwp%2Fv2%2Fcategories&post=141531"},{"taxonomy":"post_tag","embeddable":true,"href":"https:\/\/elobservadorzonanorte.com.mx\/index.php?rest_route=%2Fwp%2Fv2%2Ftags&post=141531"}],"curies":[{"name":"wp","href":"https:\/\/api.w.org\/{rel}","templated":true}]}}