{"id":141530,"date":"2026-05-01T05:09:35","date_gmt":"2026-05-01T05:09:35","guid":{"rendered":"https:\/\/elobservadorzonanorte.com.mx\/?p=141530"},"modified":"2026-05-01T05:09:36","modified_gmt":"2026-05-01T05:09:36","slug":"fortalecen-procesos-de-control-de-confianza-en-beneficio-del-municipio-y-la-profesionalizacion-de-la-policia-municipal","status":"publish","type":"post","link":"https:\/\/elobservadorzonanorte.com.mx\/?p=141530","title":{"rendered":"FORTALECEN PROCESOS DE CONTROL DE CONFIANZA EN BENEFICIO DEL MUNICIPIO Y LA PROFESIONALIZACI\u00d3N DE LA POLIC\u00cdA MUNICIPAL"},"content":{"rendered":"\n<figure class=\"wp-block-image size-large\"><img decoding=\"async\" width=\"600\" height=\"400\" src=\"https:\/\/elobservadorzonanorte.com.mx\/wp-content\/uploads\/2026\/05\/imagen-14-600x400.jpg\" alt=\"\" class=\"wp-image-141567\" srcset=\"https:\/\/elobservadorzonanorte.com.mx\/wp-content\/uploads\/2026\/05\/imagen-14-600x400.jpg 600w, https:\/\/elobservadorzonanorte.com.mx\/wp-content\/uploads\/2026\/05\/imagen-14-300x200.jpg 300w, https:\/\/elobservadorzonanorte.com.mx\/wp-content\/uploads\/2026\/05\/imagen-14-768x512.jpg 768w, https:\/\/elobservadorzonanorte.com.mx\/wp-content\/uploads\/2026\/05\/imagen-14.jpg 810w\" sizes=\"(max-width: 600px) 100vw, 600px\" \/><\/figure>\n\n\n\n<p>El Gobierno Municipal que preside Oscar Serra Cantoral, a trav\u00e9s del Secretario Ejecutivo del Consejo de Seguridad P\u00fablica, Edel Mendoza Vel\u00e1zquez, asisti\u00f3 a una reuni\u00f3n de trabajo en el Centro Estatal de Control de Confianza Certificado del Estado de Chiapas, presidida por el director general Jos\u00e9 Alonso Llaven Villarreal, con el objetivo de fortalecer las acciones que impactan directamente en la seguridad y el bienestar de la poblaci\u00f3n del municipio.<\/p>\n\n\n\n<p>Durante este encuentro se reforzaron los mecanismos de coordinaci\u00f3n interinstitucional y el seguimiento a los procesos en materia de control de confianza, lo que permitir\u00e1 garantizar que los elementos de la polic\u00eda municipal cuenten con evaluaciones actualizadas, capacitaci\u00f3n continua y certificaciones que respalden su desempe\u00f1o profesional al servicio de la ciudadan\u00eda.<\/p>\n\n\n\n<p>Estas acciones representan un paso importante para consolidar una corporaci\u00f3n policial m\u00e1s preparada, confiable y cercana a la gente, contribuyendo a mejorar la capacidad de respuesta ante situaciones de emergencia y fortalecer la tranquilidad de las familias del municipio.<\/p>\n\n\n\n<p>Con estas acciones, el Gobierno Municipal reafirma su compromiso de impulsar la profesionalizaci\u00f3n de los polic\u00edas municipales y de trabajar de manera coordinada con las instituciones estatales para brindar mayor seguridad, confianza y protecci\u00f3n a la poblaci\u00f3n.<\/p>\n\n\n\n<p><a href=\"https:\/\/www.facebook.com\/hashtag\/siemprecontigo?__cft__[0]=AZZVKr9HQeJ-RS8Ps6Z0NYeAGgVsRwgMycTVyrFnr7cosrKCTBYUok8C8vKmzoviu4jI8jvKaNojdQ0LIFdeNW1tnioZ0sjbOeurgaoYx7bRdgIAs3Z3yG2q-naID3OxEELrDfm7Bxc_SJhu6sgRia5-ghtHikwInniJ78pRVHjOVnjeAqEl-YXSyWl5ML8d58o&amp;__tn__=*NK-R\" target=\"_blank\" rel=\"noopener\">#SiempreContigo<\/a><\/p>\n\n\n\n<p><a href=\"https:\/\/www.facebook.com\/hashtag\/sigamoshaciendolojuntos?__cft__[0]=AZZVKr9HQeJ-RS8Ps6Z0NYeAGgVsRwgMycTVyrFnr7cosrKCTBYUok8C8vKmzoviu4jI8jvKaNojdQ0LIFdeNW1tnioZ0sjbOeurgaoYx7bRdgIAs3Z3yG2q-naID3OxEELrDfm7Bxc_SJhu6sgRia5-ghtHikwInniJ78pRVHjOVnjeAqEl-YXSyWl5ML8d58o&amp;__tn__=*NK-R\" target=\"_blank\" rel=\"noopener\">#SigamosHaciendoloJuntos<\/a><\/p>\n\n\n\n<p><a href=\"https:\/\/www.facebook.com\/hashtag\/humanismoquetransforma?__cft__[0]=AZZVKr9HQeJ-RS8Ps6Z0NYeAGgVsRwgMycTVyrFnr7cosrKCTBYUok8C8vKmzoviu4jI8jvKaNojdQ0LIFdeNW1tnioZ0sjbOeurgaoYx7bRdgIAs3Z3yG2q-naID3OxEELrDfm7Bxc_SJhu6sgRia5-ghtHikwInniJ78pRVHjOVnjeAqEl-YXSyWl5ML8d58o&amp;__tn__=*NK-R\" target=\"_blank\" rel=\"noopener\">#HumanismoQueTransforma<\/a><\/p>\n","protected":false},"excerpt":{"rendered":"<p>El Gobierno Municipal que preside Oscar Serra Cantoral, a trav\u00e9s del Secretario Ejecutivo del Consejo de Seguridad P\u00fablica, Edel Mendoza Vel\u00e1zquez, asisti\u00f3 a una reuni\u00f3n de trabajo en el Centro Estatal de Control de Confianza Certificado del Estado de Chiapas, presidida por el director general Jos\u00e9 Alonso Llaven Villarreal, con el objetivo de fortalecer las [&hellip;]<\/p>\n","protected":false},"author":1,"featured_media":141567,"comment_status":"closed","ping_status":"closed","sticky":false,"template":"","format":"standard","meta":{"footnotes":""},"categories":[1],"tags":[],"class_list":["post-141530","post","type-post","status-publish","format-standard","has-post-thumbnail","hentry","category-general"],"_links":{"self":[{"href":"https:\/\/elobservadorzonanorte.com.mx\/index.php?rest_route=\/wp\/v2\/posts\/141530","targetHints":{"allow":["GET"]}}],"collection":[{"href":"https:\/\/elobservadorzonanorte.com.mx\/index.php?rest_route=\/wp\/v2\/posts"}],"about":[{"href":"https:\/\/elobservadorzonanorte.com.mx\/index.php?rest_route=\/wp\/v2\/types\/post"}],"author":[{"embeddable":true,"href":"https:\/\/elobservadorzonanorte.com.mx\/index.php?rest_route=\/wp\/v2\/users\/1"}],"replies":[{"embeddable":true,"href":"https:\/\/elobservadorzonanorte.com.mx\/index.php?rest_route=%2Fwp%2Fv2%2Fcomments&post=141530"}],"version-history":[{"count":1,"href":"https:\/\/elobservadorzonanorte.com.mx\/index.php?rest_route=\/wp\/v2\/posts\/141530\/revisions"}],"predecessor-version":[{"id":141595,"href":"https:\/\/elobservadorzonanorte.com.mx\/index.php?rest_route=\/wp\/v2\/posts\/141530\/revisions\/141595"}],"wp:featuredmedia":[{"embeddable":true,"href":"https:\/\/elobservadorzonanorte.com.mx\/index.php?rest_route=\/wp\/v2\/media\/141567"}],"wp:attachment":[{"href":"https:\/\/elobservadorzonanorte.com.mx\/index.php?rest_route=%2Fwp%2Fv2%2Fmedia&parent=141530"}],"wp:term":[{"taxonomy":"category","embeddable":true,"href":"https:\/\/elobservadorzonanorte.com.mx\/index.php?rest_route=%2Fwp%2Fv2%2Fcategories&post=141530"},{"taxonomy":"post_tag","embeddable":true,"href":"https:\/\/elobservadorzonanorte.com.mx\/index.php?rest_route=%2Fwp%2Fv2%2Ftags&post=141530"}],"curies":[{"name":"wp","href":"https:\/\/api.w.org\/{rel}","templated":true}]}}