{"id":141526,"date":"2026-05-01T05:08:53","date_gmt":"2026-05-01T05:08:53","guid":{"rendered":"https:\/\/elobservadorzonanorte.com.mx\/?p=141526"},"modified":"2026-05-01T05:08:54","modified_gmt":"2026-05-01T05:08:54","slug":"autoridades-encabezados-por-el-alcalde-majin-aguilar-utrilla-inauguraron-el-parque-central-de-amatan","status":"publish","type":"post","link":"https:\/\/elobservadorzonanorte.com.mx\/?p=141526","title":{"rendered":"Autoridades encabezados por el alcalde Majin Aguilar Utrilla inauguraron el parque central de Amat\u00e1n"},"content":{"rendered":"\n<figure class=\"wp-block-image size-full\"><img decoding=\"async\" width=\"590\" height=\"376\" src=\"https:\/\/elobservadorzonanorte.com.mx\/wp-content\/uploads\/2026\/05\/imagen-8.jpg\" alt=\"\" class=\"wp-image-141561\" srcset=\"https:\/\/elobservadorzonanorte.com.mx\/wp-content\/uploads\/2026\/05\/imagen-8.jpg 590w, https:\/\/elobservadorzonanorte.com.mx\/wp-content\/uploads\/2026\/05\/imagen-8-300x191.jpg 300w\" sizes=\"(max-width: 590px) 100vw, 590px\" \/><\/figure>\n\n\n\n<figure class=\"wp-block-image size-full\"><img decoding=\"async\" width=\"590\" height=\"443\" src=\"https:\/\/elobservadorzonanorte.com.mx\/wp-content\/uploads\/2026\/05\/imagen-9.jpg\" alt=\"\" class=\"wp-image-141562\" srcset=\"https:\/\/elobservadorzonanorte.com.mx\/wp-content\/uploads\/2026\/05\/imagen-9.jpg 590w, https:\/\/elobservadorzonanorte.com.mx\/wp-content\/uploads\/2026\/05\/imagen-9-300x225.jpg 300w\" sizes=\"(max-width: 590px) 100vw, 590px\" \/><\/figure>\n\n\n\n<figure class=\"wp-block-image size-full\"><img decoding=\"async\" width=\"590\" height=\"332\" src=\"https:\/\/elobservadorzonanorte.com.mx\/wp-content\/uploads\/2026\/05\/imagen-10.jpg\" alt=\"\" class=\"wp-image-141563\" srcset=\"https:\/\/elobservadorzonanorte.com.mx\/wp-content\/uploads\/2026\/05\/imagen-10.jpg 590w, https:\/\/elobservadorzonanorte.com.mx\/wp-content\/uploads\/2026\/05\/imagen-10-300x169.jpg 300w\" sizes=\"(max-width: 590px) 100vw, 590px\" \/><\/figure>\n\n\n\n<p>Durante este importante evento el presidente municipal Majin Aguilar Utrilla agradeci\u00f3 el apoyo y respaldo del gobernador Eduardo Ram\u00edrez as\u00ed como del pueblo de Amat\u00e1n quien hoy cuenta con un espacio digno para el esparcimiento.<\/p>\n\n\n\n<p>El edil, se\u00f1al\u00f3 que esta es una obra de impacto social que viene a transformar la imagen urbana del centro y a ofrecer un espacio digno de recreaci\u00f3n para las familias amatecas.<\/p>\n\n\n\n<p>Aguilar Utrilla reafirm\u00f3 su compromiso de trabajar de manera cercana con la ciudadan\u00eda, escuchando y atendiendo sus necesidades, y consolidando resultados tangibles que beneficien a la comunidad.<\/p>\n\n\n\n<p>\u201cComo amigo del pueblo, seguir\u00e9 caminando junto a ustedes, hombro con hombro, para continuar impulsando obras que mejoren la calidad de vida de nuestra gente\u201d, expres\u00f3 el presidente municipal.<\/p>\n\n\n\n<p>El evento cont\u00f3 con la presencia de autoridades educativas, el comisariado ejidal, el presidente de barrio, l\u00edderes de la sociedad civil y un pueblo unido y alegre que celebr\u00f3 la inauguraci\u00f3n al son de la marimba, disfrutando de un espacio renovado que fomentar\u00e1 la convivencia y la recreaci\u00f3n en un entorno seguro y agradable.<\/p>\n\n\n\n<p>Con esta obra, la administraci\u00f3n municipal refuerza su compromiso de trabajo conjunto entre gobierno y ciudadan\u00eda, consolidando la visi\u00f3n de un Amat\u00e1n moderno, incluyente y lleno de vida.<\/p>\n\n\n\n<p>\u00a1Unidos por una Nueva!<\/p>\n\n\n\n<p><a href=\"https:\/\/www.facebook.com\/hashtag\/ayuntamientodeamatan?__cft__[0]=AZbpqGwRlj_UiPJ9rt7c-jeN68Rln_flkyT1MRgpyqyYhY86y3yc4Vgbi2U29lZ6cGdKMikG9az9o4M8nZnyXBAHRp2YEVe_3fo9fEdX44azMv3lQisH9CLxhWWpm6ubLCic-3OQjUHALTnL8uBY1UGjG_BFFIjddTUW09w4EKmXqDpf8IVpleP_b6R-7YaypSE&amp;__tn__=*NK-R\" target=\"_blank\" rel=\"noopener\">#AyuntamientoDeAmatan<\/a><a href=\"https:\/\/www.facebook.com\/hashtag\/compromisoconelpueblo?__cft__[0]=AZbpqGwRlj_UiPJ9rt7c-jeN68Rln_flkyT1MRgpyqyYhY86y3yc4Vgbi2U29lZ6cGdKMikG9az9o4M8nZnyXBAHRp2YEVe_3fo9fEdX44azMv3lQisH9CLxhWWpm6ubLCic-3OQjUHALTnL8uBY1UGjG_BFFIjddTUW09w4EKmXqDpf8IVpleP_b6R-7YaypSE&amp;__tn__=*NK-R\" target=\"_blank\" rel=\"noopener\">#CompromisoConElPueblo<\/a><a href=\"https:\/\/www.facebook.com\/hashtag\/transformaci%C3%B3nhumanista?__cft__[0]=AZbpqGwRlj_UiPJ9rt7c-jeN68Rln_flkyT1MRgpyqyYhY86y3yc4Vgbi2U29lZ6cGdKMikG9az9o4M8nZnyXBAHRp2YEVe_3fo9fEdX44azMv3lQisH9CLxhWWpm6ubLCic-3OQjUHALTnL8uBY1UGjG_BFFIjddTUW09w4EKmXqDpf8IVpleP_b6R-7YaypSE&amp;__tn__=*NK-R\" target=\"_blank\" rel=\"noopener\">#Transformaci\u00f3nHumanista<\/a><\/p>\n\n\n\n<p><a href=\"https:\/\/www.facebook.com\/hashtag\/nuevaera?__cft__[0]=AZbpqGwRlj_UiPJ9rt7c-jeN68Rln_flkyT1MRgpyqyYhY86y3yc4Vgbi2U29lZ6cGdKMikG9az9o4M8nZnyXBAHRp2YEVe_3fo9fEdX44azMv3lQisH9CLxhWWpm6ubLCic-3OQjUHALTnL8uBY1UGjG_BFFIjddTUW09w4EKmXqDpf8IVpleP_b6R-7YaypSE&amp;__tn__=*NK-R\" target=\"_blank\" rel=\"noopener\">#NuevaERA<\/a><\/p>\n\n\n\n<p><a href=\"https:\/\/www.facebook.com\/hashtag\/majinaguilar?__cft__[0]=AZbpqGwRlj_UiPJ9rt7c-jeN68Rln_flkyT1MRgpyqyYhY86y3yc4Vgbi2U29lZ6cGdKMikG9az9o4M8nZnyXBAHRp2YEVe_3fo9fEdX44azMv3lQisH9CLxhWWpm6ubLCic-3OQjUHALTnL8uBY1UGjG_BFFIjddTUW09w4EKmXqDpf8IVpleP_b6R-7YaypSE&amp;__tn__=*NK-R\" target=\"_blank\" rel=\"noopener\">#MajinAguilar<\/a><\/p>\n\n\n\n<p><a href=\"https:\/\/www.facebook.com\/hashtag\/presidente?__cft__[0]=AZbpqGwRlj_UiPJ9rt7c-jeN68Rln_flkyT1MRgpyqyYhY86y3yc4Vgbi2U29lZ6cGdKMikG9az9o4M8nZnyXBAHRp2YEVe_3fo9fEdX44azMv3lQisH9CLxhWWpm6ubLCic-3OQjUHALTnL8uBY1UGjG_BFFIjddTUW09w4EKmXqDpf8IVpleP_b6R-7YaypSE&amp;__tn__=*NK-R\" target=\"_blank\" rel=\"noopener\">#Presidente<\/a><\/p>\n","protected":false},"excerpt":{"rendered":"<p>Durante este importante evento el presidente municipal Majin Aguilar Utrilla agradeci\u00f3 el apoyo y respaldo del gobernador Eduardo Ram\u00edrez as\u00ed como del pueblo de Amat\u00e1n quien hoy cuenta con un espacio digno para el esparcimiento. El edil, se\u00f1al\u00f3 que esta es una obra de impacto social que viene a transformar la imagen urbana del centro [&hellip;]<\/p>\n","protected":false},"author":1,"featured_media":141561,"comment_status":"closed","ping_status":"closed","sticky":false,"template":"","format":"standard","meta":{"footnotes":""},"categories":[1],"tags":[],"class_list":["post-141526","post","type-post","status-publish","format-standard","has-post-thumbnail","hentry","category-general"],"_links":{"self":[{"href":"https:\/\/elobservadorzonanorte.com.mx\/index.php?rest_route=\/wp\/v2\/posts\/141526","targetHints":{"allow":["GET"]}}],"collection":[{"href":"https:\/\/elobservadorzonanorte.com.mx\/index.php?rest_route=\/wp\/v2\/posts"}],"about":[{"href":"https:\/\/elobservadorzonanorte.com.mx\/index.php?rest_route=\/wp\/v2\/types\/post"}],"author":[{"embeddable":true,"href":"https:\/\/elobservadorzonanorte.com.mx\/index.php?rest_route=\/wp\/v2\/users\/1"}],"replies":[{"embeddable":true,"href":"https:\/\/elobservadorzonanorte.com.mx\/index.php?rest_route=%2Fwp%2Fv2%2Fcomments&post=141526"}],"version-history":[{"count":1,"href":"https:\/\/elobservadorzonanorte.com.mx\/index.php?rest_route=\/wp\/v2\/posts\/141526\/revisions"}],"predecessor-version":[{"id":141591,"href":"https:\/\/elobservadorzonanorte.com.mx\/index.php?rest_route=\/wp\/v2\/posts\/141526\/revisions\/141591"}],"wp:featuredmedia":[{"embeddable":true,"href":"https:\/\/elobservadorzonanorte.com.mx\/index.php?rest_route=\/wp\/v2\/media\/141561"}],"wp:attachment":[{"href":"https:\/\/elobservadorzonanorte.com.mx\/index.php?rest_route=%2Fwp%2Fv2%2Fmedia&parent=141526"}],"wp:term":[{"taxonomy":"category","embeddable":true,"href":"https:\/\/elobservadorzonanorte.com.mx\/index.php?rest_route=%2Fwp%2Fv2%2Fcategories&post=141526"},{"taxonomy":"post_tag","embeddable":true,"href":"https:\/\/elobservadorzonanorte.com.mx\/index.php?rest_route=%2Fwp%2Fv2%2Ftags&post=141526"}],"curies":[{"name":"wp","href":"https:\/\/api.w.org\/{rel}","templated":true}]}}