{"id":141520,"date":"2026-05-01T05:08:19","date_gmt":"2026-05-01T05:08:19","guid":{"rendered":"https:\/\/elobservadorzonanorte.com.mx\/?p=141520"},"modified":"2026-05-01T05:08:19","modified_gmt":"2026-05-01T05:08:19","slug":"presidente-municipal-encabeza-entrega-de-desayunos-escolares-en-el-telebachillerato-148-de-allende","status":"publish","type":"post","link":"https:\/\/elobservadorzonanorte.com.mx\/?p=141520","title":{"rendered":"PRESIDENTE MUNICIPAL ENCABEZA ENTREGA DE DESAYUNOS ESCOLARES EN EL TELEBACHILLERATO 148 DE ALLENDE"},"content":{"rendered":"\n<figure class=\"wp-block-image size-full\"><img decoding=\"async\" width=\"590\" height=\"456\" src=\"https:\/\/elobservadorzonanorte.com.mx\/wp-content\/uploads\/2026\/05\/imagen-2.jpg\" alt=\"\" class=\"wp-image-141554\" srcset=\"https:\/\/elobservadorzonanorte.com.mx\/wp-content\/uploads\/2026\/05\/imagen-2.jpg 590w, https:\/\/elobservadorzonanorte.com.mx\/wp-content\/uploads\/2026\/05\/imagen-2-300x232.jpg 300w\" sizes=\"(max-width: 590px) 100vw, 590px\" \/><\/figure>\n\n\n\n<figure class=\"wp-block-image size-full\"><img decoding=\"async\" width=\"590\" height=\"456\" src=\"https:\/\/elobservadorzonanorte.com.mx\/wp-content\/uploads\/2026\/05\/imagen-1-1.jpg\" alt=\"\" class=\"wp-image-141555\" srcset=\"https:\/\/elobservadorzonanorte.com.mx\/wp-content\/uploads\/2026\/05\/imagen-1-1.jpg 590w, https:\/\/elobservadorzonanorte.com.mx\/wp-content\/uploads\/2026\/05\/imagen-1-1-300x232.jpg 300w\" sizes=\"(max-width: 590px) 100vw, 590px\" \/><\/figure>\n\n\n\n<p>El Presidente Municipal Oscar Serra Cantoral, en compa\u00f1\u00eda de su esposa, la Presidenta del DIF Municipal, Sonia Calc\u00e1neo Montellano y del regidor Carlos Augusto Morales Ch\u00e1vez, realizaron la entrega de desayunos escolares en el Telebachillerato 148 \u201cManuel Guti\u00e9rrez N\u00e1jera\u201d, ubicado en el Ejido Allende, como parte de las acciones orientadas a fortalecer la alimentaci\u00f3n y el bienestar de las y los estudiantes.<\/p>\n\n\n\n<p>Durante esta actividad, las autoridades municipales destacaron la importancia de garantizar una adecuada nutrici\u00f3n en la comunidad estudiantil, ya que contribuye directamente al rendimiento acad\u00e9mico y al desarrollo integral de las y los j\u00f3venes.<\/p>\n\n\n\n<p>Asimismo, se reiter\u00f3 el compromiso de continuar impulsando programas que favorezcan a la educaci\u00f3n y a la salud de la ni\u00f1ez y juventud del municipio, trabajando de manera coordinada con el DIF Municipal para generar mejores condiciones de vida.<\/p>\n\n\n\n<p>Con estas acciones, el Gobierno Municipal reafirma su compromiso de apoyar a las instituciones educativas y de promover el bienestar de las familias, fortaleciendo el desarrollo social en las comunidades.<\/p>\n\n\n\n<p><a href=\"https:\/\/www.facebook.com\/hashtag\/siemprecontigo?__cft__[0]=AZbftKIqweQpT7job3hSnp7Kqd6bDaD9yopwYq-kFuGtUKZp5D1zXwG732gspZBWSjzEnGecoKNAYtL7W_n9nT0coQAp3KL9bctTRaqqWkJZ1QuOZKw6A0mXdRh1JCl_VAaVmtBgu_8PFsGki2wozp4mx_l7aaFvJdrqdcSadbvOpOQOGqigex4ujYDK75wsmXY&amp;__tn__=*NK-R\" target=\"_blank\" rel=\"noopener\">#SiempreContigo<\/a><\/p>\n\n\n\n<p><a href=\"https:\/\/www.facebook.com\/hashtag\/sigamoshaciendolojuntos?__cft__[0]=AZbftKIqweQpT7job3hSnp7Kqd6bDaD9yopwYq-kFuGtUKZp5D1zXwG732gspZBWSjzEnGecoKNAYtL7W_n9nT0coQAp3KL9bctTRaqqWkJZ1QuOZKw6A0mXdRh1JCl_VAaVmtBgu_8PFsGki2wozp4mx_l7aaFvJdrqdcSadbvOpOQOGqigex4ujYDK75wsmXY&amp;__tn__=*NK-R\" target=\"_blank\" rel=\"noopener\">#SigamosHaciendoloJuntos<\/a><\/p>\n\n\n\n<p><a href=\"https:\/\/www.facebook.com\/hashtag\/humanismoquetransforma?__cft__[0]=AZbftKIqweQpT7job3hSnp7Kqd6bDaD9yopwYq-kFuGtUKZp5D1zXwG732gspZBWSjzEnGecoKNAYtL7W_n9nT0coQAp3KL9bctTRaqqWkJZ1QuOZKw6A0mXdRh1JCl_VAaVmtBgu_8PFsGki2wozp4mx_l7aaFvJdrqdcSadbvOpOQOGqigex4ujYDK75wsmXY&amp;__tn__=*NK-R\" target=\"_blank\" rel=\"noopener\">#HumanismoQueTransforma<\/a><\/p>\n","protected":false},"excerpt":{"rendered":"<p>El Presidente Municipal Oscar Serra Cantoral, en compa\u00f1\u00eda de su esposa, la Presidenta del DIF Municipal, Sonia Calc\u00e1neo Montellano y del regidor Carlos Augusto Morales Ch\u00e1vez, realizaron la entrega de desayunos escolares en el Telebachillerato 148 \u201cManuel Guti\u00e9rrez N\u00e1jera\u201d, ubicado en el Ejido Allende, como parte de las acciones orientadas a fortalecer la alimentaci\u00f3n y [&hellip;]<\/p>\n","protected":false},"author":1,"featured_media":141554,"comment_status":"closed","ping_status":"closed","sticky":false,"template":"","format":"standard","meta":{"footnotes":""},"categories":[1],"tags":[],"class_list":["post-141520","post","type-post","status-publish","format-standard","has-post-thumbnail","hentry","category-general"],"_links":{"self":[{"href":"https:\/\/elobservadorzonanorte.com.mx\/index.php?rest_route=\/wp\/v2\/posts\/141520","targetHints":{"allow":["GET"]}}],"collection":[{"href":"https:\/\/elobservadorzonanorte.com.mx\/index.php?rest_route=\/wp\/v2\/posts"}],"about":[{"href":"https:\/\/elobservadorzonanorte.com.mx\/index.php?rest_route=\/wp\/v2\/types\/post"}],"author":[{"embeddable":true,"href":"https:\/\/elobservadorzonanorte.com.mx\/index.php?rest_route=\/wp\/v2\/users\/1"}],"replies":[{"embeddable":true,"href":"https:\/\/elobservadorzonanorte.com.mx\/index.php?rest_route=%2Fwp%2Fv2%2Fcomments&post=141520"}],"version-history":[{"count":1,"href":"https:\/\/elobservadorzonanorte.com.mx\/index.php?rest_route=\/wp\/v2\/posts\/141520\/revisions"}],"predecessor-version":[{"id":141585,"href":"https:\/\/elobservadorzonanorte.com.mx\/index.php?rest_route=\/wp\/v2\/posts\/141520\/revisions\/141585"}],"wp:featuredmedia":[{"embeddable":true,"href":"https:\/\/elobservadorzonanorte.com.mx\/index.php?rest_route=\/wp\/v2\/media\/141554"}],"wp:attachment":[{"href":"https:\/\/elobservadorzonanorte.com.mx\/index.php?rest_route=%2Fwp%2Fv2%2Fmedia&parent=141520"}],"wp:term":[{"taxonomy":"category","embeddable":true,"href":"https:\/\/elobservadorzonanorte.com.mx\/index.php?rest_route=%2Fwp%2Fv2%2Fcategories&post=141520"},{"taxonomy":"post_tag","embeddable":true,"href":"https:\/\/elobservadorzonanorte.com.mx\/index.php?rest_route=%2Fwp%2Fv2%2Ftags&post=141520"}],"curies":[{"name":"wp","href":"https:\/\/api.w.org\/{rel}","templated":true}]}}