{"id":141518,"date":"2026-05-01T05:08:07","date_gmt":"2026-05-01T05:08:07","guid":{"rendered":"https:\/\/elobservadorzonanorte.com.mx\/?p=141518"},"modified":"2026-05-01T05:08:09","modified_gmt":"2026-05-01T05:08:09","slug":"el-gobierno-municipal-de-pichucalco-celebra-con-alegria-el-dia-del-nino-y-la-nina","status":"publish","type":"post","link":"https:\/\/elobservadorzonanorte.com.mx\/?p=141518","title":{"rendered":"\u00a1El Gobierno Municipal de Pichucalco celebra con alegr\u00eda el D\u00eda del Ni\u00f1o y la Ni\u00f1a!"},"content":{"rendered":"\n<figure class=\"wp-block-image size-full\"><img decoding=\"async\" width=\"590\" height=\"394\" src=\"https:\/\/elobservadorzonanorte.com.mx\/wp-content\/uploads\/2026\/05\/imagen.jpg\" alt=\"\" class=\"wp-image-141552\" srcset=\"https:\/\/elobservadorzonanorte.com.mx\/wp-content\/uploads\/2026\/05\/imagen.jpg 590w, https:\/\/elobservadorzonanorte.com.mx\/wp-content\/uploads\/2026\/05\/imagen-300x200.jpg 300w\" sizes=\"(max-width: 590px) 100vw, 590px\" \/><\/figure>\n\n\n\n<figure class=\"wp-block-image size-full\"><img decoding=\"async\" width=\"590\" height=\"394\" src=\"https:\/\/elobservadorzonanorte.com.mx\/wp-content\/uploads\/2026\/05\/imagen-1.jpg\" alt=\"\" class=\"wp-image-141553\" srcset=\"https:\/\/elobservadorzonanorte.com.mx\/wp-content\/uploads\/2026\/05\/imagen-1.jpg 590w, https:\/\/elobservadorzonanorte.com.mx\/wp-content\/uploads\/2026\/05\/imagen-1-300x200.jpg 300w\" sizes=\"(max-width: 590px) 100vw, 590px\" \/><\/figure>\n\n\n\n<p>El Gobierno Municipal de Pichucalco, que preside el maestro Andr\u00e9s Carballo C\u00f3rdoba, en coordinaci\u00f3n con el DIF Municipal que lidera la licenciada Ana Karen Castillo Bibiloni, celebraron hoy con gran entusiasmo el D\u00eda del Ni\u00f1o y la Ni\u00f1a, un evento lleno de magia, sonrisas y muchas sorpresas.<\/p>\n\n\n\n<p><img decoding=\"async\" height=\"16\" width=\"16\" alt=\"\ud83d\udc67\" src=\"https:\/\/static.xx.fbcdn.net\/images\/emoji.php\/v9\/t8d\/1\/16\/1f467.png\"><img decoding=\"async\" height=\"16\" width=\"16\" alt=\"\ud83e\uddd2\" src=\"https:\/\/static.xx.fbcdn.net\/images\/emoji.php\/v9\/tdf\/1\/16\/1f9d2.png\"> Con mucho cari\u00f1o, el presidente y la presidenta organizaron esta fiesta para todas y todos los ni\u00f1os, quienes cantaron y bailaron al ritmo del show de la doble de Tatiana, disfrutaron de los inflables y hasta tuvieron la oportunidad de montar a caballo.<\/p>\n\n\n\n<p><img decoding=\"async\" height=\"16\" width=\"16\" alt=\"\ud83c\udf1f\" src=\"https:\/\/static.xx.fbcdn.net\/images\/emoji.php\/v9\/te0\/1\/16\/1f31f.png\"> Durante toda la jornada se vivieron momentos inolvidables: caritas sonrientes por doquier, juegos, m\u00fasica y la alegr\u00eda de compartir en familia. Adem\u00e1s, los peque\u00f1os pudieron saborear deliciosos antojitos como esquites, chicharrines y mucho m\u00e1s, que hicieron de la tarde una experiencia m\u00e1gica y divertida.<\/p>\n\n\n\n<p><img decoding=\"async\" height=\"16\" width=\"16\" alt=\"\ud83d\udc96\" src=\"https:\/\/static.xx.fbcdn.net\/images\/emoji.php\/v9\/te9\/1\/16\/1f496.png\"> El Gobierno Municipal y el DIF felicitan con todo el coraz\u00f3n a las ni\u00f1as y ni\u00f1os de Pichucalco, reafirmando su compromiso de seguir trabajando por su bienestar y felicidad. \u00a1Porque ellos son la esperanza y la alegr\u00eda que iluminan nuestro futuro!<\/p>\n","protected":false},"excerpt":{"rendered":"<p>El Gobierno Municipal de Pichucalco, que preside el maestro Andr\u00e9s Carballo C\u00f3rdoba, en coordinaci\u00f3n con el DIF Municipal que lidera la licenciada Ana Karen Castillo Bibiloni, celebraron hoy con gran entusiasmo el D\u00eda del Ni\u00f1o y la Ni\u00f1a, un evento lleno de magia, sonrisas y muchas sorpresas. Con mucho cari\u00f1o, el presidente y la presidenta [&hellip;]<\/p>\n","protected":false},"author":1,"featured_media":141474,"comment_status":"closed","ping_status":"closed","sticky":false,"template":"","format":"standard","meta":{"footnotes":""},"categories":[1],"tags":[],"class_list":["post-141518","post","type-post","status-publish","format-standard","has-post-thumbnail","hentry","category-general"],"_links":{"self":[{"href":"https:\/\/elobservadorzonanorte.com.mx\/index.php?rest_route=\/wp\/v2\/posts\/141518","targetHints":{"allow":["GET"]}}],"collection":[{"href":"https:\/\/elobservadorzonanorte.com.mx\/index.php?rest_route=\/wp\/v2\/posts"}],"about":[{"href":"https:\/\/elobservadorzonanorte.com.mx\/index.php?rest_route=\/wp\/v2\/types\/post"}],"author":[{"embeddable":true,"href":"https:\/\/elobservadorzonanorte.com.mx\/index.php?rest_route=\/wp\/v2\/users\/1"}],"replies":[{"embeddable":true,"href":"https:\/\/elobservadorzonanorte.com.mx\/index.php?rest_route=%2Fwp%2Fv2%2Fcomments&post=141518"}],"version-history":[{"count":1,"href":"https:\/\/elobservadorzonanorte.com.mx\/index.php?rest_route=\/wp\/v2\/posts\/141518\/revisions"}],"predecessor-version":[{"id":141583,"href":"https:\/\/elobservadorzonanorte.com.mx\/index.php?rest_route=\/wp\/v2\/posts\/141518\/revisions\/141583"}],"wp:featuredmedia":[{"embeddable":true,"href":"https:\/\/elobservadorzonanorte.com.mx\/index.php?rest_route=\/wp\/v2\/media\/141474"}],"wp:attachment":[{"href":"https:\/\/elobservadorzonanorte.com.mx\/index.php?rest_route=%2Fwp%2Fv2%2Fmedia&parent=141518"}],"wp:term":[{"taxonomy":"category","embeddable":true,"href":"https:\/\/elobservadorzonanorte.com.mx\/index.php?rest_route=%2Fwp%2Fv2%2Fcategories&post=141518"},{"taxonomy":"post_tag","embeddable":true,"href":"https:\/\/elobservadorzonanorte.com.mx\/index.php?rest_route=%2Fwp%2Fv2%2Ftags&post=141518"}],"curies":[{"name":"wp","href":"https:\/\/api.w.org\/{rel}","templated":true}]}}