{"id":141517,"date":"2026-05-01T05:07:48","date_gmt":"2026-05-01T05:07:48","guid":{"rendered":"https:\/\/elobservadorzonanorte.com.mx\/?p=141517"},"modified":"2026-05-01T05:07:49","modified_gmt":"2026-05-01T05:07:49","slug":"andres-carballo-cordova-y-ana-karen-castillo-bibiloni-festejan-en-grande-a-los-reyes-del-hogar","status":"publish","type":"post","link":"https:\/\/elobservadorzonanorte.com.mx\/?p=141517","title":{"rendered":"Andres Carballo Cordova y Ana Karen Castillo Bibiloni festejan en grande a los reyes del hogar"},"content":{"rendered":"<p><iframe loading=\"lazy\" src=\"https:\/\/www.facebook.com\/plugins\/video.php?height=476&#038;href=https%3A%2F%2Fwww.facebook.com%2Freel%2F895573250166530%2F&#038;show_text=false&#038;width=267&#038;t=0\" width=\"267\" height=\"476\" style=\"border:none;overflow:hidden\" scrolling=\"no\" frameborder=\"0\" allowfullscreen=\"true\" allow=\"autoplay; clipboard-write; encrypted-media; picture-in-picture; web-share\" allowFullScreen=\"true\"><\/iframe><\/p>\n\n\n\n<p>*Risas, regalos, m\u00fasica y mucha diversi\u00f3n, se vivi\u00f3 en un ambiente de felicidad en compa\u00f1\u00eda de las familias, durante el festejo del D\u00eda del Ni\u00f1o y la Ni\u00f1a<\/p>\n\n\n\n<p>El Pichucalco Gobierno Municipal 2024 &#8211; 2027, encabezado por el Alcalde Andr\u00e9s Carballo C\u00f3rdova, en colaboraci\u00f3n con el DIF Municipal Pichucalco, a cargo de su Presidenta Honoraria, Ana Karen Castillo Bibiloni, acompa\u00f1aron a las infancias de nuestro municipio a la Celebraci\u00f3n del D\u00eda del Ni\u00f1o y la Ni\u00f1a, en el Parque de Feria.<\/p>\n\n\n\n<p>\u00a1Queremos que las ni\u00f1as y los ni\u00f1os de Pichucalco sean felices!<\/p>\n\n\n\n<figure class=\"wp-block-video\"><\/figure>\n","protected":false},"excerpt":{"rendered":"<p>*Risas, regalos, m\u00fasica y mucha diversi\u00f3n, se vivi\u00f3 en un ambiente de felicidad en compa\u00f1\u00eda de las familias, durante el festejo del D\u00eda del Ni\u00f1o y la Ni\u00f1a El Pichucalco Gobierno Municipal 2024 &#8211; 2027, encabezado por el Alcalde Andr\u00e9s Carballo C\u00f3rdova, en colaboraci\u00f3n con el DIF Municipal Pichucalco, a cargo de su Presidenta Honoraria, [&hellip;]<\/p>\n","protected":false},"author":1,"featured_media":0,"comment_status":"closed","ping_status":"closed","sticky":false,"template":"","format":"standard","meta":{"footnotes":""},"categories":[1],"tags":[],"class_list":["post-141517","post","type-post","status-publish","format-standard","hentry","category-general"],"_links":{"self":[{"href":"https:\/\/elobservadorzonanorte.com.mx\/index.php?rest_route=\/wp\/v2\/posts\/141517","targetHints":{"allow":["GET"]}}],"collection":[{"href":"https:\/\/elobservadorzonanorte.com.mx\/index.php?rest_route=\/wp\/v2\/posts"}],"about":[{"href":"https:\/\/elobservadorzonanorte.com.mx\/index.php?rest_route=\/wp\/v2\/types\/post"}],"author":[{"embeddable":true,"href":"https:\/\/elobservadorzonanorte.com.mx\/index.php?rest_route=\/wp\/v2\/users\/1"}],"replies":[{"embeddable":true,"href":"https:\/\/elobservadorzonanorte.com.mx\/index.php?rest_route=%2Fwp%2Fv2%2Fcomments&post=141517"}],"version-history":[{"count":1,"href":"https:\/\/elobservadorzonanorte.com.mx\/index.php?rest_route=\/wp\/v2\/posts\/141517\/revisions"}],"predecessor-version":[{"id":141581,"href":"https:\/\/elobservadorzonanorte.com.mx\/index.php?rest_route=\/wp\/v2\/posts\/141517\/revisions\/141581"}],"wp:attachment":[{"href":"https:\/\/elobservadorzonanorte.com.mx\/index.php?rest_route=%2Fwp%2Fv2%2Fmedia&parent=141517"}],"wp:term":[{"taxonomy":"category","embeddable":true,"href":"https:\/\/elobservadorzonanorte.com.mx\/index.php?rest_route=%2Fwp%2Fv2%2Fcategories&post=141517"},{"taxonomy":"post_tag","embeddable":true,"href":"https:\/\/elobservadorzonanorte.com.mx\/index.php?rest_route=%2Fwp%2Fv2%2Ftags&post=141517"}],"curies":[{"name":"wp","href":"https:\/\/api.w.org\/{rel}","templated":true}]}}