{"id":141463,"date":"2026-04-30T05:24:21","date_gmt":"2026-04-30T05:24:21","guid":{"rendered":"https:\/\/elobservadorzonanorte.com.mx\/?p=141463"},"modified":"2026-04-30T05:24:21","modified_gmt":"2026-04-30T05:24:21","slug":"autoridades-celebra-a-lo-grande-el-dia-del-nino","status":"publish","type":"post","link":"https:\/\/elobservadorzonanorte.com.mx\/?p=141463","title":{"rendered":"Autoridades celebra a lo grande el D\u00eda del Ni\u00f1o"},"content":{"rendered":"\n<figure class=\"wp-block-image size-full\"><img decoding=\"async\" width=\"590\" height=\"266\" src=\"https:\/\/elobservadorzonanorte.com.mx\/wp-content\/uploads\/2026\/04\/imagen-15-229.jpg\" alt=\"\" class=\"wp-image-141473\" srcset=\"https:\/\/elobservadorzonanorte.com.mx\/wp-content\/uploads\/2026\/04\/imagen-15-229.jpg 590w, https:\/\/elobservadorzonanorte.com.mx\/wp-content\/uploads\/2026\/04\/imagen-15-229-300x135.jpg 300w\" sizes=\"(max-width: 590px) 100vw, 590px\" \/><\/figure>\n\n\n\n<figure class=\"wp-block-image size-full\"><img decoding=\"async\" width=\"590\" height=\"266\" src=\"https:\/\/elobservadorzonanorte.com.mx\/wp-content\/uploads\/2026\/04\/imagen-15-230.jpg\" alt=\"\" class=\"wp-image-141474\" srcset=\"https:\/\/elobservadorzonanorte.com.mx\/wp-content\/uploads\/2026\/04\/imagen-15-230.jpg 590w, https:\/\/elobservadorzonanorte.com.mx\/wp-content\/uploads\/2026\/04\/imagen-15-230-300x135.jpg 300w\" sizes=\"(max-width: 590px) 100vw, 590px\" \/><\/figure>\n\n\n\n<figure class=\"wp-block-image size-full\"><img decoding=\"async\" width=\"590\" height=\"266\" src=\"https:\/\/elobservadorzonanorte.com.mx\/wp-content\/uploads\/2026\/04\/imagen-15-231.jpg\" alt=\"\" class=\"wp-image-141475\" srcset=\"https:\/\/elobservadorzonanorte.com.mx\/wp-content\/uploads\/2026\/04\/imagen-15-231.jpg 590w, https:\/\/elobservadorzonanorte.com.mx\/wp-content\/uploads\/2026\/04\/imagen-15-231-300x135.jpg 300w\" sizes=\"(max-width: 590px) 100vw, 590px\" \/><\/figure>\n\n\n\n<p>Con un ambiente lleno de alegr\u00eda, color y sonrisas, el Ayuntamiento de Pichucalco llev\u00f3 a cabo un magno festival con motivo del D\u00eda del Ni\u00f1o, logrando un lleno total en el Parque de Feria, donde cientos de familias se dieron cita para disfrutar de una tarde inolvidable.<\/p>\n\n\n\n<p>El festejo fue organizado por el presidente municipal, Andres Carballo Cordova, junto a su esposa, Ana Karen Castillo Bibiloni, quienes ofrecieron este evento como una muestra de cari\u00f1o y compromiso hacia la ni\u00f1ez pichucalquense.<\/p>\n\n\n\n<p>El recinto luci\u00f3 abarrotado por ni\u00f1as, ni\u00f1os y padres de familia que acudieron para ser parte de esta gran celebraci\u00f3n. Juegos inflables, din\u00e1micas, m\u00fasica y espect\u00e1culos llenaron de emoci\u00f3n cada rinc\u00f3n, convirtiendo el lugar en un espacio de sana convivencia y diversi\u00f3n.<\/p>\n\n\n\n<p>Uno de los momentos m\u00e1s esperados fue la presentaci\u00f3n del show infantil, que arranc\u00f3 aplausos, risas y la participaci\u00f3n entusiasta de los peque\u00f1os, quienes no dejaron de bailar y disfrutar cada instante. La energ\u00eda del p\u00fablico y la respuesta masiva reflejaron el \u00e9xito de un evento pensado especialmente para ellos.<\/p>\n\n\n\n<p>Durante el festival, las autoridades municipales convivieron de cerca con las familias, reafirmando su compromiso de seguir impulsando actividades que fortalezcan el tejido social y promuevan la felicidad de la ni\u00f1ez.<\/p>\n\n\n\n<p>El D\u00eda del Ni\u00f1o en Pichucalco se vivi\u00f3 con gran entusiasmo, dejando claro que cuando se trabaja con dedicaci\u00f3n y coraz\u00f3n, se logran momentos que permanecen en la memoria de toda una comunidad.<\/p>\n","protected":false},"excerpt":{"rendered":"<p>Con un ambiente lleno de alegr\u00eda, color y sonrisas, el Ayuntamiento de Pichucalco llev\u00f3 a cabo un magno festival con motivo del D\u00eda del Ni\u00f1o, logrando un lleno total en el Parque de Feria, donde cientos de familias se dieron cita para disfrutar de una tarde inolvidable. El festejo fue organizado por el presidente municipal, [&hellip;]<\/p>\n","protected":false},"author":1,"featured_media":141475,"comment_status":"closed","ping_status":"closed","sticky":false,"template":"","format":"standard","meta":{"footnotes":""},"categories":[1],"tags":[],"class_list":["post-141463","post","type-post","status-publish","format-standard","has-post-thumbnail","hentry","category-general"],"_links":{"self":[{"href":"https:\/\/elobservadorzonanorte.com.mx\/index.php?rest_route=\/wp\/v2\/posts\/141463","targetHints":{"allow":["GET"]}}],"collection":[{"href":"https:\/\/elobservadorzonanorte.com.mx\/index.php?rest_route=\/wp\/v2\/posts"}],"about":[{"href":"https:\/\/elobservadorzonanorte.com.mx\/index.php?rest_route=\/wp\/v2\/types\/post"}],"author":[{"embeddable":true,"href":"https:\/\/elobservadorzonanorte.com.mx\/index.php?rest_route=\/wp\/v2\/users\/1"}],"replies":[{"embeddable":true,"href":"https:\/\/elobservadorzonanorte.com.mx\/index.php?rest_route=%2Fwp%2Fv2%2Fcomments&post=141463"}],"version-history":[{"count":1,"href":"https:\/\/elobservadorzonanorte.com.mx\/index.php?rest_route=\/wp\/v2\/posts\/141463\/revisions"}],"predecessor-version":[{"id":141516,"href":"https:\/\/elobservadorzonanorte.com.mx\/index.php?rest_route=\/wp\/v2\/posts\/141463\/revisions\/141516"}],"wp:featuredmedia":[{"embeddable":true,"href":"https:\/\/elobservadorzonanorte.com.mx\/index.php?rest_route=\/wp\/v2\/media\/141475"}],"wp:attachment":[{"href":"https:\/\/elobservadorzonanorte.com.mx\/index.php?rest_route=%2Fwp%2Fv2%2Fmedia&parent=141463"}],"wp:term":[{"taxonomy":"category","embeddable":true,"href":"https:\/\/elobservadorzonanorte.com.mx\/index.php?rest_route=%2Fwp%2Fv2%2Fcategories&post=141463"},{"taxonomy":"post_tag","embeddable":true,"href":"https:\/\/elobservadorzonanorte.com.mx\/index.php?rest_route=%2Fwp%2Fv2%2Ftags&post=141463"}],"curies":[{"name":"wp","href":"https:\/\/api.w.org\/{rel}","templated":true}]}}