{"id":141462,"date":"2026-04-30T05:24:14","date_gmt":"2026-04-30T05:24:14","guid":{"rendered":"https:\/\/elobservadorzonanorte.com.mx\/?p=141462"},"modified":"2026-04-30T05:24:14","modified_gmt":"2026-04-30T05:24:14","slug":"el-h-ayuntamiento-de-pueblo-nuevo-solistahuacan-que-preside-el-c-erlen-sanchez-hernandez-y-rodriguez-estrada-neydi","status":"publish","type":"post","link":"https:\/\/elobservadorzonanorte.com.mx\/?p=141462","title":{"rendered":"El H. Ayuntamiento de Pueblo Nuevo Solistahuac\u00e1n que preside el C. Erlen Sanchez Hernandez y Rodriguez Estrada Neydi"},"content":{"rendered":"\n<figure class=\"wp-block-image size-large\"><img decoding=\"async\" width=\"480\" height=\"600\" src=\"https:\/\/elobservadorzonanorte.com.mx\/wp-content\/uploads\/2026\/04\/imagen-15-228-480x600.jpg\" alt=\"\" class=\"wp-image-141472\" srcset=\"https:\/\/elobservadorzonanorte.com.mx\/wp-content\/uploads\/2026\/04\/imagen-15-228-480x600.jpg 480w, https:\/\/elobservadorzonanorte.com.mx\/wp-content\/uploads\/2026\/04\/imagen-15-228-240x300.jpg 240w, https:\/\/elobservadorzonanorte.com.mx\/wp-content\/uploads\/2026\/04\/imagen-15-228.jpg 512w\" sizes=\"(max-width: 480px) 100vw, 480px\" \/><\/figure>\n\n\n\n<p>INVITA AL PROGRAMA ESPECIAL PARA CELEBRAR EL DIA DE LAS NI\u00d1AS Y LOS NI\u00d1OS.<\/p>\n\n\n\n<p>Asiste, divi\u00e9rtete y llevate un regalo especial.<\/p>\n\n\n\n<p><a href=\"https:\/\/www.facebook.com\/hashtag\/erlensanchezhernandez?__cft__[0]=AZaXxTXDsg0Trf4u1AdBKPaHZdbK4K6wIcqnsK5ZCuU5xJhyBqAZYJHnUhBfm6LgFi0tjXNKvf-3R8pvSqF3EhPfX5-Knwo0btbTZXZztGEpbxCR3lciC6dKBEG-AWW6FxgTmAFNj9hZCI3fNIxUhCFho3o0QHxxl5Pijj2rL-6fSg&amp;__tn__=*NK-R\" target=\"_blank\" rel=\"noopener\">#erlensanchezhernandez<\/a><\/p>\n\n\n\n<p><a href=\"https:\/\/www.facebook.com\/hashtag\/pueblonuevosolistahuacan?__cft__[0]=AZaXxTXDsg0Trf4u1AdBKPaHZdbK4K6wIcqnsK5ZCuU5xJhyBqAZYJHnUhBfm6LgFi0tjXNKvf-3R8pvSqF3EhPfX5-Knwo0btbTZXZztGEpbxCR3lciC6dKBEG-AWW6FxgTmAFNj9hZCI3fNIxUhCFho3o0QHxxl5Pijj2rL-6fSg&amp;__tn__=*NK-R\" target=\"_blank\" rel=\"noopener\">#pueblonuevosolistahuacan<\/a><\/p>\n","protected":false},"excerpt":{"rendered":"<p>INVITA AL PROGRAMA ESPECIAL PARA CELEBRAR EL DIA DE LAS NI\u00d1AS Y LOS NI\u00d1OS. Asiste, divi\u00e9rtete y llevate un regalo especial. #erlensanchezhernandez #pueblonuevosolistahuacan<\/p>\n","protected":false},"author":1,"featured_media":141472,"comment_status":"closed","ping_status":"closed","sticky":false,"template":"","format":"standard","meta":{"footnotes":""},"categories":[1],"tags":[],"class_list":["post-141462","post","type-post","status-publish","format-standard","has-post-thumbnail","hentry","category-general"],"_links":{"self":[{"href":"https:\/\/elobservadorzonanorte.com.mx\/index.php?rest_route=\/wp\/v2\/posts\/141462","targetHints":{"allow":["GET"]}}],"collection":[{"href":"https:\/\/elobservadorzonanorte.com.mx\/index.php?rest_route=\/wp\/v2\/posts"}],"about":[{"href":"https:\/\/elobservadorzonanorte.com.mx\/index.php?rest_route=\/wp\/v2\/types\/post"}],"author":[{"embeddable":true,"href":"https:\/\/elobservadorzonanorte.com.mx\/index.php?rest_route=\/wp\/v2\/users\/1"}],"replies":[{"embeddable":true,"href":"https:\/\/elobservadorzonanorte.com.mx\/index.php?rest_route=%2Fwp%2Fv2%2Fcomments&post=141462"}],"version-history":[{"count":1,"href":"https:\/\/elobservadorzonanorte.com.mx\/index.php?rest_route=\/wp\/v2\/posts\/141462\/revisions"}],"predecessor-version":[{"id":141515,"href":"https:\/\/elobservadorzonanorte.com.mx\/index.php?rest_route=\/wp\/v2\/posts\/141462\/revisions\/141515"}],"wp:featuredmedia":[{"embeddable":true,"href":"https:\/\/elobservadorzonanorte.com.mx\/index.php?rest_route=\/wp\/v2\/media\/141472"}],"wp:attachment":[{"href":"https:\/\/elobservadorzonanorte.com.mx\/index.php?rest_route=%2Fwp%2Fv2%2Fmedia&parent=141462"}],"wp:term":[{"taxonomy":"category","embeddable":true,"href":"https:\/\/elobservadorzonanorte.com.mx\/index.php?rest_route=%2Fwp%2Fv2%2Fcategories&post=141462"},{"taxonomy":"post_tag","embeddable":true,"href":"https:\/\/elobservadorzonanorte.com.mx\/index.php?rest_route=%2Fwp%2Fv2%2Ftags&post=141462"}],"curies":[{"name":"wp","href":"https:\/\/api.w.org\/{rel}","templated":true}]}}