{"id":141455,"date":"2026-04-30T05:23:36","date_gmt":"2026-04-30T05:23:36","guid":{"rendered":"https:\/\/elobservadorzonanorte.com.mx\/?p=141455"},"modified":"2026-04-30T05:23:37","modified_gmt":"2026-04-30T05:23:37","slug":"con-gran-alegria-y-carino-el-h-ayuntamiento-municipal-que-preside-erlen-sanchez-hernandez-en-coordinacion-con-el-dif-municipal-que-preside-su-esposa-eunice-eneyda-rodriguez-estrada","status":"publish","type":"post","link":"https:\/\/elobservadorzonanorte.com.mx\/?p=141455","title":{"rendered":"Con gran alegr\u00eda y cari\u00f1o, el H. Ayuntamiento Municipal que preside Erlen Sanchez Hernandez en coordinaci\u00f3n con el DIF municipal que preside su esposa Eunice Eneyda Rodr\u00edguez Estrada"},"content":{"rendered":"<p><iframe loading=\"lazy\" src=\"https:\/\/www.facebook.com\/plugins\/video.php?height=314&#038;href=https%3A%2F%2Fwww.facebook.com%2Freel%2F820233127367015%2F&#038;show_text=false&#038;width=560&#038;t=0\" width=\"560\" height=\"314\" style=\"border:none;overflow:hidden\" scrolling=\"no\" frameborder=\"0\" allowfullscreen=\"true\" allow=\"autoplay; clipboard-write; encrypted-media; picture-in-picture; web-share\" allowFullScreen=\"true\"><\/iframe><\/p>\n\n\n\n<p>Invita a todas las ni\u00f1as y ni\u00f1os de nuestro querido municipio a celebrar juntos el D\u00eda del Ni\u00f1o, una fecha especial para reconocer la alegr\u00eda, la inocencia y la esperanza que representan nuestras infancias.<\/p>\n\n\n\n<p>\u00abQueremos que cada peque\u00f1o viva una tarde llena de sonrisas, diversi\u00f3n y momentos inolvidables en un ambiente de convivencia familiar y sana recreaci\u00f3n.<\/p>\n\n\n\n<p>Les esperamos este jueves 30 de abril, a las 2:00 de la tarde, en el Domo del Parque Central, donde tendremos juegos, dulces, payasos y muchas sorpresas preparadas con entusiasmo para todas y todos ustedes\u00bb.<\/p>\n\n\n\n<p>Ser\u00e1 una oportunidad para compartir, fortalecer la uni\u00f3n entre familias y seguir construyendo una comunidad donde la felicidad de la ni\u00f1ez sea siempre una prioridad.<\/p>\n\n\n\n<p>Invitamos de coraz\u00f3n a madres, padres y tutores a acompa\u00f1ar a sus hijas e hijos en esta gran celebraci\u00f3n. Porque cuando cuidamos y hacemos felices a nuestras ni\u00f1as y ni\u00f1os, sembramos esperanza y construimos un mejor futuro para nuestro pueblo.<\/p>\n\n\n\n<p>\u00a1No falten, les esperamos con los brazos abiertos!<\/p>\n\n\n\n<p><a href=\"https:\/\/www.facebook.com\/watch\/hashtag\/erlensanchezhernandez\/?__cft__[0]=AZbRYes7gwy4GHalI1YE_GUBUY_MEKT2HABm6Q9xeTsgkybS_SvuSOJFFO8Y7mkPAbPNA2aqctwTqnOB-uLZCgEhyk6GFvTSD6j8AXE8Y5vpnG_wW04E8KbwrkGRyB6S-5iTP9c9y_fDycTTZ9jJ5rKT2nikQ7qav9_-hOv2rrm6vIIjC3Ypk84-YSiAVnkdzGRK_CoC97d-mqzNjePNsyjl&amp;__tn__=*NK-R\" target=\"_blank\" rel=\"noopener\">#ErlenSanchezHernandez<\/a>.<\/p>\n\n\n\n<p><a href=\"https:\/\/www.facebook.com\/watch\/hashtag\/felizdiadelani%C3%B1ez\/?__cft__[0]=AZbRYes7gwy4GHalI1YE_GUBUY_MEKT2HABm6Q9xeTsgkybS_SvuSOJFFO8Y7mkPAbPNA2aqctwTqnOB-uLZCgEhyk6GFvTSD6j8AXE8Y5vpnG_wW04E8KbwrkGRyB6S-5iTP9c9y_fDycTTZ9jJ5rKT2nikQ7qav9_-hOv2rrm6vIIjC3Ypk84-YSiAVnkdzGRK_CoC97d-mqzNjePNsyjl&amp;__tn__=*NK-R\" target=\"_blank\" rel=\"noopener\">#FelizDiaDeLaNi\u00f1ez<\/a>.<\/p>\n\n\n\n<p><a href=\"https:\/\/www.facebook.com\/profile.php?id=61585752843975&amp;__cft__[0]=AZbRYes7gwy4GHalI1YE_GUBUY_MEKT2HABm6Q9xeTsgkybS_SvuSOJFFO8Y7mkPAbPNA2aqctwTqnOB-uLZCgEhyk6GFvTSD6j8AXE8Y5vpnG_wW04E8KbwrkGRyB6S-5iTP9c9y_fDycTTZ9jJ5rKT2nikQ7qav9_-hOv2rrm6vIIjC3Ypk84-YSiAVnkdzGRK_CoC97d-mqzNjePNsyjl&amp;__tn__=-]K-R\" target=\"_blank\" rel=\"noopener\">Rodriguez Estrada Neydi<\/a><\/p>\n\n\n\n<figure class=\"wp-block-video\"><\/figure>\n","protected":false},"excerpt":{"rendered":"<p>Invita a todas las ni\u00f1as y ni\u00f1os de nuestro querido municipio a celebrar juntos el D\u00eda del Ni\u00f1o, una fecha especial para reconocer la alegr\u00eda, la inocencia y la esperanza que representan nuestras infancias. \u00abQueremos que cada peque\u00f1o viva una tarde llena de sonrisas, diversi\u00f3n y momentos inolvidables en un ambiente de convivencia familiar y [&hellip;]<\/p>\n","protected":false},"author":1,"featured_media":0,"comment_status":"closed","ping_status":"closed","sticky":false,"template":"","format":"standard","meta":{"footnotes":""},"categories":[1],"tags":[],"class_list":["post-141455","post","type-post","status-publish","format-standard","hentry","category-general"],"_links":{"self":[{"href":"https:\/\/elobservadorzonanorte.com.mx\/index.php?rest_route=\/wp\/v2\/posts\/141455","targetHints":{"allow":["GET"]}}],"collection":[{"href":"https:\/\/elobservadorzonanorte.com.mx\/index.php?rest_route=\/wp\/v2\/posts"}],"about":[{"href":"https:\/\/elobservadorzonanorte.com.mx\/index.php?rest_route=\/wp\/v2\/types\/post"}],"author":[{"embeddable":true,"href":"https:\/\/elobservadorzonanorte.com.mx\/index.php?rest_route=\/wp\/v2\/users\/1"}],"replies":[{"embeddable":true,"href":"https:\/\/elobservadorzonanorte.com.mx\/index.php?rest_route=%2Fwp%2Fv2%2Fcomments&post=141455"}],"version-history":[{"count":1,"href":"https:\/\/elobservadorzonanorte.com.mx\/index.php?rest_route=\/wp\/v2\/posts\/141455\/revisions"}],"predecessor-version":[{"id":141508,"href":"https:\/\/elobservadorzonanorte.com.mx\/index.php?rest_route=\/wp\/v2\/posts\/141455\/revisions\/141508"}],"wp:attachment":[{"href":"https:\/\/elobservadorzonanorte.com.mx\/index.php?rest_route=%2Fwp%2Fv2%2Fmedia&parent=141455"}],"wp:term":[{"taxonomy":"category","embeddable":true,"href":"https:\/\/elobservadorzonanorte.com.mx\/index.php?rest_route=%2Fwp%2Fv2%2Fcategories&post=141455"},{"taxonomy":"post_tag","embeddable":true,"href":"https:\/\/elobservadorzonanorte.com.mx\/index.php?rest_route=%2Fwp%2Fv2%2Ftags&post=141455"}],"curies":[{"name":"wp","href":"https:\/\/api.w.org\/{rel}","templated":true}]}}