{"id":141454,"date":"2026-04-30T05:23:42","date_gmt":"2026-04-30T05:23:42","guid":{"rendered":"https:\/\/elobservadorzonanorte.com.mx\/?p=141454"},"modified":"2026-04-30T05:23:43","modified_gmt":"2026-04-30T05:23:43","slug":"iap-chiapas-promueve-alianzas-estrategicas-con-el-consulado-general-de-guatemala-en-tuxtla-gutierrez","status":"publish","type":"post","link":"https:\/\/elobservadorzonanorte.com.mx\/?p=141454","title":{"rendered":"IAP Chiapas promueve alianzas estrat\u00e9gicas con el Consulado General de Guatemala en Tuxtla Guti\u00e9rrez"},"content":{"rendered":"\n<figure class=\"wp-block-image size-large\"><img decoding=\"async\" width=\"600\" height=\"400\" src=\"https:\/\/elobservadorzonanorte.com.mx\/wp-content\/uploads\/2026\/04\/imagen-15-223-600x400.jpg\" alt=\"\" class=\"wp-image-141467\" srcset=\"https:\/\/elobservadorzonanorte.com.mx\/wp-content\/uploads\/2026\/04\/imagen-15-223-600x400.jpg 600w, https:\/\/elobservadorzonanorte.com.mx\/wp-content\/uploads\/2026\/04\/imagen-15-223-300x200.jpg 300w, https:\/\/elobservadorzonanorte.com.mx\/wp-content\/uploads\/2026\/04\/imagen-15-223-768x511.jpg 768w, https:\/\/elobservadorzonanorte.com.mx\/wp-content\/uploads\/2026\/04\/imagen-15-223.jpg 811w\" sizes=\"(max-width: 600px) 100vw, 600px\" \/><\/figure>\n\n\n\n<p>\u2022 Encabezaron el encuentro Lysette Raquel Lameiro Camacho, presidenta del Consejo Directivo y rectora del IAP Chiapas, y Hugo Arnoldo Blanco, c\u00f3nsul general de Guatemala en Tuxtla Guti\u00e9rrez<\/p>\n\n\n\n<p>Tuxtla Guti\u00e9rrez, Chiapas; mi\u00e9rcoles 29 de abril de 2026.- La presidenta del Consejo Directivo y rectora del Instituto de Administraci\u00f3n P\u00fablica del Estado de Chiapas (IAP Chiapas), Lysette Raquel Lameiro Camacho, sostuvo una reuni\u00f3n de trabajo con el c\u00f3nsul general de Guatemala en Tuxtla Guti\u00e9rrez, Hugo Arnoldo Blanco, con el prop\u00f3sito de fortalecer la colaboraci\u00f3n institucional en materia de administraci\u00f3n p\u00fablica.<\/p>\n\n\n\n<p>Durante el encuentro, ambas autoridades coincidieron en la importancia de impulsar el intercambio de experiencias, as\u00ed como la cooperaci\u00f3n acad\u00e9mica entre Chiapas y Guatemala, con miras a desarrollar proyectos conjuntos que beneficien a los municipios fronterizos de ambas regiones.<\/p>\n\n\n\n<p>Lameiro Camacho destac\u00f3 que estos esfuerzos buscan consolidar v\u00ednculos con instituciones y organismos relacionados con la gesti\u00f3n p\u00fablica, a trav\u00e9s del consulado guatemalteco, favoreciendo el desarrollo transfronterizo.<\/p>\n\n\n\n<p>Asimismo, subray\u00f3 que estos avances cuentan con el respaldo del gobernador del estado, Eduardo Ram\u00edrez Aguilar, cuyo impulso ha permitido ampliar la proyecci\u00f3n del IAP Chiapas y fortalecer la relaci\u00f3n con instancias diplom\u00e1ticas de Guatemala.<\/p>\n\n\n\n<p>En la reuni\u00f3n estuvieron presentes integrantes del consulado de Guatemala en Tuxtla Guti\u00e9rrez y el Consejo Directivo del IAP Chiapas.<\/p>\n\n\n\n<p>Con estas acciones, el IAP Chiapas reafirma su compromiso con la profesionalizaci\u00f3n del servicio p\u00fablico y el fortalecimiento de la gesti\u00f3n gubernamental en beneficio de la ciudadan\u00eda.<\/p>\n","protected":false},"excerpt":{"rendered":"<p>\u2022 Encabezaron el encuentro Lysette Raquel Lameiro Camacho, presidenta del Consejo Directivo y rectora del IAP Chiapas, y Hugo Arnoldo Blanco, c\u00f3nsul general de Guatemala en Tuxtla Guti\u00e9rrez Tuxtla Guti\u00e9rrez, Chiapas; mi\u00e9rcoles 29 de abril de 2026.- La presidenta del Consejo Directivo y rectora del Instituto de Administraci\u00f3n P\u00fablica del Estado de Chiapas (IAP Chiapas), [&hellip;]<\/p>\n","protected":false},"author":1,"featured_media":141467,"comment_status":"closed","ping_status":"closed","sticky":false,"template":"","format":"standard","meta":{"footnotes":""},"categories":[1],"tags":[],"class_list":["post-141454","post","type-post","status-publish","format-standard","has-post-thumbnail","hentry","category-general"],"_links":{"self":[{"href":"https:\/\/elobservadorzonanorte.com.mx\/index.php?rest_route=\/wp\/v2\/posts\/141454","targetHints":{"allow":["GET"]}}],"collection":[{"href":"https:\/\/elobservadorzonanorte.com.mx\/index.php?rest_route=\/wp\/v2\/posts"}],"about":[{"href":"https:\/\/elobservadorzonanorte.com.mx\/index.php?rest_route=\/wp\/v2\/types\/post"}],"author":[{"embeddable":true,"href":"https:\/\/elobservadorzonanorte.com.mx\/index.php?rest_route=\/wp\/v2\/users\/1"}],"replies":[{"embeddable":true,"href":"https:\/\/elobservadorzonanorte.com.mx\/index.php?rest_route=%2Fwp%2Fv2%2Fcomments&post=141454"}],"version-history":[{"count":1,"href":"https:\/\/elobservadorzonanorte.com.mx\/index.php?rest_route=\/wp\/v2\/posts\/141454\/revisions"}],"predecessor-version":[{"id":141509,"href":"https:\/\/elobservadorzonanorte.com.mx\/index.php?rest_route=\/wp\/v2\/posts\/141454\/revisions\/141509"}],"wp:featuredmedia":[{"embeddable":true,"href":"https:\/\/elobservadorzonanorte.com.mx\/index.php?rest_route=\/wp\/v2\/media\/141467"}],"wp:attachment":[{"href":"https:\/\/elobservadorzonanorte.com.mx\/index.php?rest_route=%2Fwp%2Fv2%2Fmedia&parent=141454"}],"wp:term":[{"taxonomy":"category","embeddable":true,"href":"https:\/\/elobservadorzonanorte.com.mx\/index.php?rest_route=%2Fwp%2Fv2%2Fcategories&post=141454"},{"taxonomy":"post_tag","embeddable":true,"href":"https:\/\/elobservadorzonanorte.com.mx\/index.php?rest_route=%2Fwp%2Fv2%2Ftags&post=141454"}],"curies":[{"name":"wp","href":"https:\/\/api.w.org\/{rel}","templated":true}]}}