{"id":141453,"date":"2026-04-30T05:23:27","date_gmt":"2026-04-30T05:23:27","guid":{"rendered":"https:\/\/elobservadorzonanorte.com.mx\/?p=141453"},"modified":"2026-04-30T05:23:28","modified_gmt":"2026-04-30T05:23:28","slug":"el-ayuntamiento-que-preside-osmar-velasco-garcia-se-encuentra-en-la-recta-final-de-los-preparativos-para-la-gran-feria-pantepec-2026","status":"publish","type":"post","link":"https:\/\/elobservadorzonanorte.com.mx\/?p=141453","title":{"rendered":"El ayuntamiento que preside Osmar Velasco Garcia se encuentra en la recta final de los preparativos para la gran Feria PANTEPEC 2026"},"content":{"rendered":"<p><iframe loading=\"lazy\" src=\"https:\/\/www.facebook.com\/plugins\/video.php?height=315&#038;href=https%3A%2F%2Fwww.facebook.com%2Freel%2F2493118271134409%2F&#038;show_text=false&#038;width=560&#038;t=0\" width=\"560\" height=\"315\" style=\"border:none;overflow:hidden\" scrolling=\"no\" frameborder=\"0\" allowfullscreen=\"true\" allow=\"autoplay; clipboard-write; encrypted-media; picture-in-picture; web-share\" allowFullScreen=\"true\"><\/iframe><\/p>\n\n\n\n<p>Cuidando cada detalle en la explanada de feria para recibir como se merece a los grandes grupos que pondr\u00e1n el ambiente en esta tradicional fiesta.<\/p>\n\n\n\n<p>\u00a1Prep\u00e1rense para cantar y bailar!<\/p>\n\n\n\n<p>Contaremos con la presencia estelar de:<\/p>\n\n\n\n<p><img decoding=\"async\" height=\"16\" width=\"16\" alt=\"\u2b50\" src=\"https:\/\/static.xx.fbcdn.net\/images\/emoji.php\/v9\/tb4\/1\/16\/2b50.png\">Banda Tierra Sagrada<\/p>\n\n\n\n<p><img decoding=\"async\" height=\"16\" width=\"16\" alt=\"\u2b50\" src=\"https:\/\/static.xx.fbcdn.net\/images\/emoji.php\/v9\/tb4\/1\/16\/2b50.png\"> Ra\u00fal Hern\u00e1ndez, \u00abEl Tigre Solitario\u201d<\/p>\n\n\n\n<p><img decoding=\"async\" height=\"16\" width=\"16\" alt=\"\u2b50\" src=\"https:\/\/static.xx.fbcdn.net\/images\/emoji.php\/v9\/tb4\/1\/16\/2b50.png\"> Ra\u00fal Hern\u00e1ndez Jr.<\/p>\n\n\n\n<p>Adem\u00e1s, los invitamos a nuestra Gran Cabalgata, el 09 de mayo que tendr\u00e1 como punto de reuni\u00f3n la explanada de feria de Pantepec.<\/p>\n\n\n\n<p>No se queden fuera de esta celebraci\u00f3n que une nuestras tradiciones y alegr\u00eda.<\/p>\n\n\n\n<p>\u00a1Vengan con su familia y amigos, los esperamos con los brazos abiertos!<\/p>\n\n\n\n<p><a href=\"https:\/\/www.facebook.com\/watch\/hashtag\/enpantepecelgordonosune\/?__cft__[0]=AZYNmXfIq_xXsf0LcsN4Bds_I9MczQbmIgNxpyKd68r1QyamfAF0CdJeCE1OShFO6P5BkJ9bWpRvewgE3JoUvnYh58c2bR5FhE53pFNCTJmxP15ew6nNQmsbCucn9m-8JsalLdP5FY3h34ml-nPtHH9eDJz9VfOWlJjbXiea3__ra4JU9mm2cNjCdUp8tCbwo7_clMIV1-oQwlkuaK8bEnss&amp;__tn__=*NK-R\" target=\"_blank\" rel=\"noopener\">#EnPantepecElGordoNosUne<\/a><\/p>\n\n\n\n<p><a href=\"https:\/\/www.facebook.com\/watch\/hashtag\/feriapantepec2026\/?__cft__[0]=AZYNmXfIq_xXsf0LcsN4Bds_I9MczQbmIgNxpyKd68r1QyamfAF0CdJeCE1OShFO6P5BkJ9bWpRvewgE3JoUvnYh58c2bR5FhE53pFNCTJmxP15ew6nNQmsbCucn9m-8JsalLdP5FY3h34ml-nPtHH9eDJz9VfOWlJjbXiea3__ra4JU9mm2cNjCdUp8tCbwo7_clMIV1-oQwlkuaK8bEnss&amp;__tn__=*NK-R\" target=\"_blank\" rel=\"noopener\">#FeriaPantepec2026<\/a><\/p>\n\n\n\n<p><a href=\"https:\/\/www.facebook.com\/watch\/hashtag\/tierrasagrada\/?__cft__[0]=AZYNmXfIq_xXsf0LcsN4Bds_I9MczQbmIgNxpyKd68r1QyamfAF0CdJeCE1OShFO6P5BkJ9bWpRvewgE3JoUvnYh58c2bR5FhE53pFNCTJmxP15ew6nNQmsbCucn9m-8JsalLdP5FY3h34ml-nPtHH9eDJz9VfOWlJjbXiea3__ra4JU9mm2cNjCdUp8tCbwo7_clMIV1-oQwlkuaK8bEnss&amp;__tn__=*NK-R\" target=\"_blank\" rel=\"noopener\">#TierraSagrada<\/a><\/p>\n\n\n\n<p><a href=\"https:\/\/www.facebook.com\/watch\/hashtag\/tradici%C3%B3nyfiesta\/?__cft__[0]=AZYNmXfIq_xXsf0LcsN4Bds_I9MczQbmIgNxpyKd68r1QyamfAF0CdJeCE1OShFO6P5BkJ9bWpRvewgE3JoUvnYh58c2bR5FhE53pFNCTJmxP15ew6nNQmsbCucn9m-8JsalLdP5FY3h34ml-nPtHH9eDJz9VfOWlJjbXiea3__ra4JU9mm2cNjCdUp8tCbwo7_clMIV1-oQwlkuaK8bEnss&amp;__tn__=*NK-R\" target=\"_blank\" rel=\"noopener\">#Tradici\u00f3nYFiesta<\/a><\/p>\n\n\n\n<p><a href=\"https:\/\/www.facebook.com\/watch\/hashtag\/eltigresolitariorauljr\/?__cft__[0]=AZYNmXfIq_xXsf0LcsN4Bds_I9MczQbmIgNxpyKd68r1QyamfAF0CdJeCE1OShFO6P5BkJ9bWpRvewgE3JoUvnYh58c2bR5FhE53pFNCTJmxP15ew6nNQmsbCucn9m-8JsalLdP5FY3h34ml-nPtHH9eDJz9VfOWlJjbXiea3__ra4JU9mm2cNjCdUp8tCbwo7_clMIV1-oQwlkuaK8bEnss&amp;__tn__=*NK-R\" target=\"_blank\" rel=\"noopener\">#ElTigreSolitarioRaulJR<\/a><\/p>\n\n\n\n<figure class=\"wp-block-video\"><\/figure>\n","protected":false},"excerpt":{"rendered":"<p>Cuidando cada detalle en la explanada de feria para recibir como se merece a los grandes grupos que pondr\u00e1n el ambiente en esta tradicional fiesta. \u00a1Prep\u00e1rense para cantar y bailar! Contaremos con la presencia estelar de: Banda Tierra Sagrada Ra\u00fal Hern\u00e1ndez, \u00abEl Tigre Solitario\u201d Ra\u00fal Hern\u00e1ndez Jr. Adem\u00e1s, los invitamos a nuestra Gran Cabalgata, el [&hellip;]<\/p>\n","protected":false},"author":1,"featured_media":0,"comment_status":"closed","ping_status":"closed","sticky":false,"template":"","format":"standard","meta":{"footnotes":""},"categories":[1],"tags":[],"class_list":["post-141453","post","type-post","status-publish","format-standard","hentry","category-general"],"_links":{"self":[{"href":"https:\/\/elobservadorzonanorte.com.mx\/index.php?rest_route=\/wp\/v2\/posts\/141453","targetHints":{"allow":["GET"]}}],"collection":[{"href":"https:\/\/elobservadorzonanorte.com.mx\/index.php?rest_route=\/wp\/v2\/posts"}],"about":[{"href":"https:\/\/elobservadorzonanorte.com.mx\/index.php?rest_route=\/wp\/v2\/types\/post"}],"author":[{"embeddable":true,"href":"https:\/\/elobservadorzonanorte.com.mx\/index.php?rest_route=\/wp\/v2\/users\/1"}],"replies":[{"embeddable":true,"href":"https:\/\/elobservadorzonanorte.com.mx\/index.php?rest_route=%2Fwp%2Fv2%2Fcomments&post=141453"}],"version-history":[{"count":1,"href":"https:\/\/elobservadorzonanorte.com.mx\/index.php?rest_route=\/wp\/v2\/posts\/141453\/revisions"}],"predecessor-version":[{"id":141506,"href":"https:\/\/elobservadorzonanorte.com.mx\/index.php?rest_route=\/wp\/v2\/posts\/141453\/revisions\/141506"}],"wp:attachment":[{"href":"https:\/\/elobservadorzonanorte.com.mx\/index.php?rest_route=%2Fwp%2Fv2%2Fmedia&parent=141453"}],"wp:term":[{"taxonomy":"category","embeddable":true,"href":"https:\/\/elobservadorzonanorte.com.mx\/index.php?rest_route=%2Fwp%2Fv2%2Fcategories&post=141453"},{"taxonomy":"post_tag","embeddable":true,"href":"https:\/\/elobservadorzonanorte.com.mx\/index.php?rest_route=%2Fwp%2Fv2%2Ftags&post=141453"}],"curies":[{"name":"wp","href":"https:\/\/api.w.org\/{rel}","templated":true}]}}