{"id":141452,"date":"2026-04-30T05:23:24","date_gmt":"2026-04-30T05:23:24","guid":{"rendered":"https:\/\/elobservadorzonanorte.com.mx\/?p=141452"},"modified":"2026-04-30T05:23:26","modified_gmt":"2026-04-30T05:23:26","slug":"eduardo-ramirez-se-reune-con-omar-garcia-harfuch-y-refrenda-colaboracion-para-fortalecer-la-seguridad","status":"publish","type":"post","link":"https:\/\/elobservadorzonanorte.com.mx\/?p=141452","title":{"rendered":"*Eduardo Ram\u00edrez se re\u00fane con Omar Garc\u00eda Harfuch y refrenda colaboraci\u00f3n para fortalecer la seguridad*"},"content":{"rendered":"\n<figure class=\"wp-block-image size-large\"><img decoding=\"async\" width=\"600\" height=\"400\" src=\"https:\/\/elobservadorzonanorte.com.mx\/wp-content\/uploads\/2026\/04\/imagen-15-220-600x400.jpg\" alt=\"\" class=\"wp-image-141464\" srcset=\"https:\/\/elobservadorzonanorte.com.mx\/wp-content\/uploads\/2026\/04\/imagen-15-220-600x400.jpg 600w, https:\/\/elobservadorzonanorte.com.mx\/wp-content\/uploads\/2026\/04\/imagen-15-220-300x200.jpg 300w, https:\/\/elobservadorzonanorte.com.mx\/wp-content\/uploads\/2026\/04\/imagen-15-220-768x513.jpg 768w, https:\/\/elobservadorzonanorte.com.mx\/wp-content\/uploads\/2026\/04\/imagen-15-220.jpg 809w\" sizes=\"(max-width: 600px) 100vw, 600px\" \/><\/figure>\n\n\n\n<p>&#8211; El gobernador reconoci\u00f3 el compromiso del secretario de Seguridad y Protecci\u00f3n Ciudadana para lograr la reducci\u00f3n de los delitos de alto impacto<\/p>\n\n\n\n<p>El gobernador Eduardo Ram\u00edrez Aguilar sostuvo una reuni\u00f3n de trabajo con el secretario de Seguridad y Protecci\u00f3n Ciudadana, Omar Garc\u00eda Harfuch, a quien reconoci\u00f3 como una figura clave del Gobierno de M\u00e9xico encabezado por la presidenta Claudia Sheinbaum Pardo. Destac\u00f3 que su desempe\u00f1o profesional y su compromiso han sido determinantes para alcanzar una reducci\u00f3n del 52 por ciento en los delitos de alto impacto.<\/p>\n\n\n\n<p>Durante el encuentro, realizado en las instalaciones de la Secretar\u00eda de Seguridad y Protecci\u00f3n Ciudadana en la Ciudad de M\u00e9xico, el mandatario expres\u00f3, en nombre del pueblo de Chiapas, su agradecimiento por esta labor. Asimismo, reiter\u00f3 su lealtad institucional y la disposici\u00f3n de su gobierno para fortalecer la coordinaci\u00f3n y cooperaci\u00f3n con las fuerzas federales en favor de la seguridad.<\/p>\n","protected":false},"excerpt":{"rendered":"<p>&#8211; El gobernador reconoci\u00f3 el compromiso del secretario de Seguridad y Protecci\u00f3n Ciudadana para lograr la reducci\u00f3n de los delitos de alto impacto El gobernador Eduardo Ram\u00edrez Aguilar sostuvo una reuni\u00f3n de trabajo con el secretario de Seguridad y Protecci\u00f3n Ciudadana, Omar Garc\u00eda Harfuch, a quien reconoci\u00f3 como una figura clave del Gobierno de M\u00e9xico [&hellip;]<\/p>\n","protected":false},"author":1,"featured_media":141464,"comment_status":"closed","ping_status":"closed","sticky":false,"template":"","format":"standard","meta":{"footnotes":""},"categories":[1],"tags":[],"class_list":["post-141452","post","type-post","status-publish","format-standard","has-post-thumbnail","hentry","category-general"],"_links":{"self":[{"href":"https:\/\/elobservadorzonanorte.com.mx\/index.php?rest_route=\/wp\/v2\/posts\/141452","targetHints":{"allow":["GET"]}}],"collection":[{"href":"https:\/\/elobservadorzonanorte.com.mx\/index.php?rest_route=\/wp\/v2\/posts"}],"about":[{"href":"https:\/\/elobservadorzonanorte.com.mx\/index.php?rest_route=\/wp\/v2\/types\/post"}],"author":[{"embeddable":true,"href":"https:\/\/elobservadorzonanorte.com.mx\/index.php?rest_route=\/wp\/v2\/users\/1"}],"replies":[{"embeddable":true,"href":"https:\/\/elobservadorzonanorte.com.mx\/index.php?rest_route=%2Fwp%2Fv2%2Fcomments&post=141452"}],"version-history":[{"count":1,"href":"https:\/\/elobservadorzonanorte.com.mx\/index.php?rest_route=\/wp\/v2\/posts\/141452\/revisions"}],"predecessor-version":[{"id":141505,"href":"https:\/\/elobservadorzonanorte.com.mx\/index.php?rest_route=\/wp\/v2\/posts\/141452\/revisions\/141505"}],"wp:featuredmedia":[{"embeddable":true,"href":"https:\/\/elobservadorzonanorte.com.mx\/index.php?rest_route=\/wp\/v2\/media\/141464"}],"wp:attachment":[{"href":"https:\/\/elobservadorzonanorte.com.mx\/index.php?rest_route=%2Fwp%2Fv2%2Fmedia&parent=141452"}],"wp:term":[{"taxonomy":"category","embeddable":true,"href":"https:\/\/elobservadorzonanorte.com.mx\/index.php?rest_route=%2Fwp%2Fv2%2Fcategories&post=141452"},{"taxonomy":"post_tag","embeddable":true,"href":"https:\/\/elobservadorzonanorte.com.mx\/index.php?rest_route=%2Fwp%2Fv2%2Ftags&post=141452"}],"curies":[{"name":"wp","href":"https:\/\/api.w.org\/{rel}","templated":true}]}}