{"id":141422,"date":"2026-04-30T05:22:48","date_gmt":"2026-04-30T05:22:48","guid":{"rendered":"https:\/\/elobservadorzonanorte.com.mx\/?p=141422"},"modified":"2026-04-30T05:22:49","modified_gmt":"2026-04-30T05:22:49","slug":"exigen-una-solucion-al-transporte-publico-en-ejido-dr-belisario-dominguez","status":"publish","type":"post","link":"https:\/\/elobservadorzonanorte.com.mx\/?p=141422","title":{"rendered":"Exigen una soluci\u00f3n al transporte p\u00fablico en ejido Dr. Belisario Dom\u00ednguez"},"content":{"rendered":"<p><iframe loading=\"lazy\" src=\"https:\/\/www.facebook.com\/plugins\/video.php?height=476&#038;href=https%3A%2F%2Fwww.facebook.com%2Freel%2F1129552020237578%2F&#038;show_text=false&#038;width=267&#038;t=0\" width=\"267\" height=\"476\" style=\"border:none;overflow:hidden\" scrolling=\"no\" frameborder=\"0\" allowfullscreen=\"true\" allow=\"autoplay; clipboard-write; encrypted-media; picture-in-picture; web-share\" allowFullScreen=\"true\"><\/iframe><\/p>\n\n\n\n<p>La tarde de este mi\u00e9rcoles hombres y mujeres de la citada localidad se reunieron de manera pac\u00edfica para tomar acuerdos como localidad y exigir a la secretaria de transporte su intervenci\u00f3n y permita que se preste el servicio colectivo Belisario Dom\u00ednguez &#8211; Ju\u00e1rez y viceversa.<\/p>\n\n\n\n<p>Y es que el grupo de afectados de la comuna se han manifestado en redes sociales exigiendo el servicio de transporte el cu\u00e1l despu\u00e9s de las dos o tres de la tarde es nulo en la comunidad, causando la molestia de los moradores.<\/p>\n\n\n\n<p>Por lo que cansados de esta situaci\u00f3n, exigen al delegado de gobierno Carlos Mario P\u00e9rez Gallegos y a Rold\u00e1n \u00c1lvarez delegado de transporte en la regi\u00f3n a que deje el confort de su oficina y atienda est\u00e1 problem\u00e1tica.<\/p>\n\n\n\n<p>Y es que seg\u00fan, los quejosos los consecionados del transporte en Belisario no dan el servicio correspondiente, y tampoco permiten que otros presten el tan ansiado servicio, por lo que exigen a las autoridades correspondientes tomar cartas en el asunto o de lo contrario tomar\u00e1n otras medidas.<\/p>\n\n\n\n<p>Durante la reuni\u00f3n, acordaron algunos puntos que ser\u00e1n expuestos ante la autoridad correspondiente.<\/p>\n\n\n\n<figure class=\"wp-block-video\"><\/figure>\n","protected":false},"excerpt":{"rendered":"<p>La tarde de este mi\u00e9rcoles hombres y mujeres de la citada localidad se reunieron de manera pac\u00edfica para tomar acuerdos como localidad y exigir a la secretaria de transporte su intervenci\u00f3n y permita que se preste el servicio colectivo Belisario Dom\u00ednguez &#8211; Ju\u00e1rez y viceversa. Y es que el grupo de afectados de la comuna [&hellip;]<\/p>\n","protected":false},"author":1,"featured_media":0,"comment_status":"closed","ping_status":"closed","sticky":false,"template":"","format":"standard","meta":{"footnotes":""},"categories":[1],"tags":[],"class_list":["post-141422","post","type-post","status-publish","format-standard","hentry","category-general"],"_links":{"self":[{"href":"https:\/\/elobservadorzonanorte.com.mx\/index.php?rest_route=\/wp\/v2\/posts\/141422","targetHints":{"allow":["GET"]}}],"collection":[{"href":"https:\/\/elobservadorzonanorte.com.mx\/index.php?rest_route=\/wp\/v2\/posts"}],"about":[{"href":"https:\/\/elobservadorzonanorte.com.mx\/index.php?rest_route=\/wp\/v2\/types\/post"}],"author":[{"embeddable":true,"href":"https:\/\/elobservadorzonanorte.com.mx\/index.php?rest_route=\/wp\/v2\/users\/1"}],"replies":[{"embeddable":true,"href":"https:\/\/elobservadorzonanorte.com.mx\/index.php?rest_route=%2Fwp%2Fv2%2Fcomments&post=141422"}],"version-history":[{"count":1,"href":"https:\/\/elobservadorzonanorte.com.mx\/index.php?rest_route=\/wp\/v2\/posts\/141422\/revisions"}],"predecessor-version":[{"id":141498,"href":"https:\/\/elobservadorzonanorte.com.mx\/index.php?rest_route=\/wp\/v2\/posts\/141422\/revisions\/141498"}],"wp:attachment":[{"href":"https:\/\/elobservadorzonanorte.com.mx\/index.php?rest_route=%2Fwp%2Fv2%2Fmedia&parent=141422"}],"wp:term":[{"taxonomy":"category","embeddable":true,"href":"https:\/\/elobservadorzonanorte.com.mx\/index.php?rest_route=%2Fwp%2Fv2%2Fcategories&post=141422"},{"taxonomy":"post_tag","embeddable":true,"href":"https:\/\/elobservadorzonanorte.com.mx\/index.php?rest_route=%2Fwp%2Fv2%2Ftags&post=141422"}],"curies":[{"name":"wp","href":"https:\/\/api.w.org\/{rel}","templated":true}]}}