{"id":141419,"date":"2026-04-30T05:22:38","date_gmt":"2026-04-30T05:22:38","guid":{"rendered":"https:\/\/elobservadorzonanorte.com.mx\/?p=141419"},"modified":"2026-04-30T05:22:39","modified_gmt":"2026-04-30T05:22:39","slug":"entrega-de-kits-educativos-del-programa-chiapas-puede","status":"publish","type":"post","link":"https:\/\/elobservadorzonanorte.com.mx\/?p=141419","title":{"rendered":"Entrega de Kits Educativos del Programa; \u201cChiapas Puede\u201d"},"content":{"rendered":"\n<figure class=\"wp-block-image size-full\"><img decoding=\"async\" width=\"590\" height=\"393\" src=\"https:\/\/elobservadorzonanorte.com.mx\/wp-content\/uploads\/2026\/04\/imagen-15-214.jpg\" alt=\"\" class=\"wp-image-141446\" srcset=\"https:\/\/elobservadorzonanorte.com.mx\/wp-content\/uploads\/2026\/04\/imagen-15-214.jpg 590w, https:\/\/elobservadorzonanorte.com.mx\/wp-content\/uploads\/2026\/04\/imagen-15-214-300x200.jpg 300w\" sizes=\"(max-width: 590px) 100vw, 590px\" \/><\/figure>\n\n\n\n<figure class=\"wp-block-image size-full\"><img decoding=\"async\" width=\"590\" height=\"393\" src=\"https:\/\/elobservadorzonanorte.com.mx\/wp-content\/uploads\/2026\/04\/imagen-15-215.jpg\" alt=\"\" class=\"wp-image-141447\" srcset=\"https:\/\/elobservadorzonanorte.com.mx\/wp-content\/uploads\/2026\/04\/imagen-15-215.jpg 590w, https:\/\/elobservadorzonanorte.com.mx\/wp-content\/uploads\/2026\/04\/imagen-15-215-300x200.jpg 300w\" sizes=\"(max-width: 590px) 100vw, 590px\" \/><\/figure>\n\n\n\n<p>El presidente municipal de Pichucalco, Mtro. Andr\u00e9s Carballo C\u00f3rdova, encabez\u00f3 la entrega de m\u00e1s de 200 kits educativos del programa Chiapas Puede de la cabecera municipal, reafirmando el compromiso de su administraci\u00f3n con la educaci\u00f3n y el desarrollo de la comunidad.<\/p>\n\n\n\n<p>Durante el acto, el presidente estuvo acompa\u00f1ado en la mesa del pres\u00eddium por el Lic. Fernando Victoria Ram\u00edrez, coordinador regional del programa; Lic. Diego Armando Rodr\u00edguez V\u00e1zquez regidor, Lic. V\u00edctor Hugo Ruiz Casanova secretario municipal, Lic. Faridi Josefina Cruz Santeliz, directora de educaci\u00f3n y Coordinadora del programa Chiapas Puede, el profesor Elfego Casaux Azmitia, supervisor del programa; la Lic. Samanta Kristel Vera L\u00f3pez, asesora del programa, el C. Alberto Lopez Lopez, educando del programa; as\u00ed como autoridades locales.<\/p>\n\n\n\n<p>En palabras del representante de los educandos, estos programas representan una oportunidad invaluable para quienes no tuvieron acceso a la educaci\u00f3n en su momento. Expres\u00f3 su agradecimiento al gobernador del estado, al presidente municipal y a todos los que, de manera coordinada, hacen posible que el programa llegue a quienes realmente lo necesitan.<\/p>\n\n\n\n<p>El Mtro. Andr\u00e9s Carballo C\u00f3rdova felicit\u00f3 a los educandos por dar este importante paso, destacando que Chiapas Puede es m\u00e1s que un programa: es una puerta abierta a un nuevo mundo. \u201cLa capacidad de poder leer es una victoria y un cambio significativo en la vida de cada persona\u201d, subray\u00f3.<\/p>\n\n\n\n<p>En esta segunda etapa el municipio de Pichucalco tendr\u00e1 un total de 832 educandos que abarcan la geograf\u00eda municipal:<\/p>\n\n\n\n<p>Cabecera municipal, Platanar abajo 1ra secci\u00f3n \u201cCrimea\u201d, Nuevo Nicapa, Viejo Nicapa, Tectuapan, Ignacio Zaragoza zona alta, platanar abajo 2da secci\u00f3n \u201cBater\u00eda, cerro 2da secci\u00f3n, Mariano Matamoros 1ra secci\u00f3n, Camoapita segunda secci\u00f3n \u201cEl Corozo\u201d, Camoapa Segunda secci\u00f3n, Nicol\u00e1s Bravo Segunda secci\u00f3n, azufre 1ra secci\u00f3n, Azufre 2da secci\u00f3n, Plutarco El\u00edas Calles.<\/p>\n\n\n\n<p>Acompa\u00f1ado por un total de 49 asesores inmersos en el programa.<\/p>\n\n\n\n<p>La administraci\u00f3n municipal reafirma su compromiso de seguir impulsando acciones que fortalezcan la educaci\u00f3n como motor de transformaci\u00f3n y progreso para Pichucalco.<\/p>\n","protected":false},"excerpt":{"rendered":"<p>El presidente municipal de Pichucalco, Mtro. Andr\u00e9s Carballo C\u00f3rdova, encabez\u00f3 la entrega de m\u00e1s de 200 kits educativos del programa Chiapas Puede de la cabecera municipal, reafirmando el compromiso de su administraci\u00f3n con la educaci\u00f3n y el desarrollo de la comunidad. Durante el acto, el presidente estuvo acompa\u00f1ado en la mesa del pres\u00eddium por el [&hellip;]<\/p>\n","protected":false},"author":1,"featured_media":141447,"comment_status":"closed","ping_status":"closed","sticky":false,"template":"","format":"standard","meta":{"footnotes":""},"categories":[1],"tags":[],"class_list":["post-141419","post","type-post","status-publish","format-standard","has-post-thumbnail","hentry","category-general"],"_links":{"self":[{"href":"https:\/\/elobservadorzonanorte.com.mx\/index.php?rest_route=\/wp\/v2\/posts\/141419","targetHints":{"allow":["GET"]}}],"collection":[{"href":"https:\/\/elobservadorzonanorte.com.mx\/index.php?rest_route=\/wp\/v2\/posts"}],"about":[{"href":"https:\/\/elobservadorzonanorte.com.mx\/index.php?rest_route=\/wp\/v2\/types\/post"}],"author":[{"embeddable":true,"href":"https:\/\/elobservadorzonanorte.com.mx\/index.php?rest_route=\/wp\/v2\/users\/1"}],"replies":[{"embeddable":true,"href":"https:\/\/elobservadorzonanorte.com.mx\/index.php?rest_route=%2Fwp%2Fv2%2Fcomments&post=141419"}],"version-history":[{"count":1,"href":"https:\/\/elobservadorzonanorte.com.mx\/index.php?rest_route=\/wp\/v2\/posts\/141419\/revisions"}],"predecessor-version":[{"id":141496,"href":"https:\/\/elobservadorzonanorte.com.mx\/index.php?rest_route=\/wp\/v2\/posts\/141419\/revisions\/141496"}],"wp:featuredmedia":[{"embeddable":true,"href":"https:\/\/elobservadorzonanorte.com.mx\/index.php?rest_route=\/wp\/v2\/media\/141447"}],"wp:attachment":[{"href":"https:\/\/elobservadorzonanorte.com.mx\/index.php?rest_route=%2Fwp%2Fv2%2Fmedia&parent=141419"}],"wp:term":[{"taxonomy":"category","embeddable":true,"href":"https:\/\/elobservadorzonanorte.com.mx\/index.php?rest_route=%2Fwp%2Fv2%2Fcategories&post=141419"},{"taxonomy":"post_tag","embeddable":true,"href":"https:\/\/elobservadorzonanorte.com.mx\/index.php?rest_route=%2Fwp%2Fv2%2Ftags&post=141419"}],"curies":[{"name":"wp","href":"https:\/\/api.w.org\/{rel}","templated":true}]}}