{"id":141417,"date":"2026-04-30T05:22:25","date_gmt":"2026-04-30T05:22:25","guid":{"rendered":"https:\/\/elobservadorzonanorte.com.mx\/?p=141417"},"modified":"2026-04-30T05:22:26","modified_gmt":"2026-04-30T05:22:26","slug":"atencion-ninas-y-ninos-de-amatan","status":"publish","type":"post","link":"https:\/\/elobservadorzonanorte.com.mx\/?p=141417","title":{"rendered":"\u00a1Atenci\u00f3n ni\u00f1as y ni\u00f1os de Amat\u00e1n!"},"content":{"rendered":"\n<figure class=\"wp-block-image size-full\"><img decoding=\"async\" width=\"507\" height=\"590\" src=\"https:\/\/elobservadorzonanorte.com.mx\/wp-content\/uploads\/2026\/04\/imagen-15-213.jpg\" alt=\"\" class=\"wp-image-141445\" srcset=\"https:\/\/elobservadorzonanorte.com.mx\/wp-content\/uploads\/2026\/04\/imagen-15-213.jpg 507w, https:\/\/elobservadorzonanorte.com.mx\/wp-content\/uploads\/2026\/04\/imagen-15-213-258x300.jpg 258w\" sizes=\"(max-width: 507px) 100vw, 507px\" \/><\/figure>\n\n\n\n<p>El H. Ayuntamiento Constitucional de Amat\u00e1n que preside el amigo del pueblo, Majin Aguilar Utrilla, te invita al Festival del D\u00eda del Ni\u00f1o.<\/p>\n\n\n\n<p>Jueves 30 de abril, a las 3:00 de la tarde<\/p>\n\n\n\n<p>Te esperamos en la Explanada del H. Ayuntamiento de Amat\u00e1n<\/p>\n\n\n\n<p><img decoding=\"async\" height=\"16\" width=\"16\" alt=\"\ud83c\udf88\" src=\"https:\/\/static.xx.fbcdn.net\/images\/emoji.php\/v9\/tb\/1\/16\/1f388.png\"> \u00a1No faltes! Ven con tu familia y celebremos juntos la alegr\u00eda de los ni\u00f1os. <img decoding=\"async\" height=\"16\" width=\"16\" alt=\"\ud83c\udf88\" src=\"https:\/\/static.xx.fbcdn.net\/images\/emoji.php\/v9\/tb\/1\/16\/1f388.png\"><\/p>\n\n\n\n<p>\u00a1Te esperamos, habr\u00e1 sorpresas y mucho m\u00e1s!<\/p>\n\n\n\n<p>\u00a1Unidos por una Nueva ERA!<\/p>\n\n\n\n<p><a href=\"https:\/\/www.facebook.com\/hashtag\/ayuntamientodeamatan?__cft__[0]=AZYAexJh5rM8AKFepK4TNSko14sCejatOGPn8KjgzoH8JA4BYiliVlybqsCJ_M676LVp133Jg1WtnsQDT3qs_OKK2RarCQ-_yIUQKRbJuouZoSbf6sHRCCzTmuELR-9KwCXEmdv46MtOiGKdxnFjTlOWcEjbM7u1JBnxkk-lWPM2cYLv8V9qIcSqw8EXsKwHJjo&amp;__tn__=*NK-R\" target=\"_blank\" rel=\"noopener\">#AyuntamientoDeAmatan<\/a><\/p>\n\n\n\n<p><a href=\"https:\/\/www.facebook.com\/hashtag\/transformaci%C3%B3nhumanista?__cft__[0]=AZYAexJh5rM8AKFepK4TNSko14sCejatOGPn8KjgzoH8JA4BYiliVlybqsCJ_M676LVp133Jg1WtnsQDT3qs_OKK2RarCQ-_yIUQKRbJuouZoSbf6sHRCCzTmuELR-9KwCXEmdv46MtOiGKdxnFjTlOWcEjbM7u1JBnxkk-lWPM2cYLv8V9qIcSqw8EXsKwHJjo&amp;__tn__=*NK-R\" target=\"_blank\" rel=\"noopener\">#Transformaci\u00f3nHumanista<\/a><\/p>\n\n\n\n<p><a href=\"https:\/\/www.facebook.com\/hashtag\/compromisoconelpueblo?__cft__[0]=AZYAexJh5rM8AKFepK4TNSko14sCejatOGPn8KjgzoH8JA4BYiliVlybqsCJ_M676LVp133Jg1WtnsQDT3qs_OKK2RarCQ-_yIUQKRbJuouZoSbf6sHRCCzTmuELR-9KwCXEmdv46MtOiGKdxnFjTlOWcEjbM7u1JBnxkk-lWPM2cYLv8V9qIcSqw8EXsKwHJjo&amp;__tn__=*NK-R\" target=\"_blank\" rel=\"noopener\">#CompromisoConElPueblo<\/a><\/p>\n\n\n\n<p><a href=\"https:\/\/www.facebook.com\/hashtag\/nuevaera?__cft__[0]=AZYAexJh5rM8AKFepK4TNSko14sCejatOGPn8KjgzoH8JA4BYiliVlybqsCJ_M676LVp133Jg1WtnsQDT3qs_OKK2RarCQ-_yIUQKRbJuouZoSbf6sHRCCzTmuELR-9KwCXEmdv46MtOiGKdxnFjTlOWcEjbM7u1JBnxkk-lWPM2cYLv8V9qIcSqw8EXsKwHJjo&amp;__tn__=*NK-R\" target=\"_blank\" rel=\"noopener\">#NuevaEra<\/a><\/p>\n\n\n\n<p><a href=\"https:\/\/www.facebook.com\/hashtag\/majinaguilar?__cft__[0]=AZYAexJh5rM8AKFepK4TNSko14sCejatOGPn8KjgzoH8JA4BYiliVlybqsCJ_M676LVp133Jg1WtnsQDT3qs_OKK2RarCQ-_yIUQKRbJuouZoSbf6sHRCCzTmuELR-9KwCXEmdv46MtOiGKdxnFjTlOWcEjbM7u1JBnxkk-lWPM2cYLv8V9qIcSqw8EXsKwHJjo&amp;__tn__=*NK-R\" target=\"_blank\" rel=\"noopener\">#MajinAguilar<\/a><\/p>\n\n\n\n<p><a href=\"https:\/\/www.facebook.com\/hashtag\/presidente?__cft__[0]=AZYAexJh5rM8AKFepK4TNSko14sCejatOGPn8KjgzoH8JA4BYiliVlybqsCJ_M676LVp133Jg1WtnsQDT3qs_OKK2RarCQ-_yIUQKRbJuouZoSbf6sHRCCzTmuELR-9KwCXEmdv46MtOiGKdxnFjTlOWcEjbM7u1JBnxkk-lWPM2cYLv8V9qIcSqw8EXsKwHJjo&amp;__tn__=*NK-R\" target=\"_blank\" rel=\"noopener\">#Presidente<\/a><\/p>\n","protected":false},"excerpt":{"rendered":"<p>El H. Ayuntamiento Constitucional de Amat\u00e1n que preside el amigo del pueblo, Majin Aguilar Utrilla, te invita al Festival del D\u00eda del Ni\u00f1o. Jueves 30 de abril, a las 3:00 de la tarde Te esperamos en la Explanada del H. Ayuntamiento de Amat\u00e1n \u00a1No faltes! Ven con tu familia y celebremos juntos la alegr\u00eda de [&hellip;]<\/p>\n","protected":false},"author":1,"featured_media":141445,"comment_status":"closed","ping_status":"closed","sticky":false,"template":"","format":"standard","meta":{"footnotes":""},"categories":[1],"tags":[],"class_list":["post-141417","post","type-post","status-publish","format-standard","has-post-thumbnail","hentry","category-general"],"_links":{"self":[{"href":"https:\/\/elobservadorzonanorte.com.mx\/index.php?rest_route=\/wp\/v2\/posts\/141417","targetHints":{"allow":["GET"]}}],"collection":[{"href":"https:\/\/elobservadorzonanorte.com.mx\/index.php?rest_route=\/wp\/v2\/posts"}],"about":[{"href":"https:\/\/elobservadorzonanorte.com.mx\/index.php?rest_route=\/wp\/v2\/types\/post"}],"author":[{"embeddable":true,"href":"https:\/\/elobservadorzonanorte.com.mx\/index.php?rest_route=\/wp\/v2\/users\/1"}],"replies":[{"embeddable":true,"href":"https:\/\/elobservadorzonanorte.com.mx\/index.php?rest_route=%2Fwp%2Fv2%2Fcomments&post=141417"}],"version-history":[{"count":1,"href":"https:\/\/elobservadorzonanorte.com.mx\/index.php?rest_route=\/wp\/v2\/posts\/141417\/revisions"}],"predecessor-version":[{"id":141495,"href":"https:\/\/elobservadorzonanorte.com.mx\/index.php?rest_route=\/wp\/v2\/posts\/141417\/revisions\/141495"}],"wp:featuredmedia":[{"embeddable":true,"href":"https:\/\/elobservadorzonanorte.com.mx\/index.php?rest_route=\/wp\/v2\/media\/141445"}],"wp:attachment":[{"href":"https:\/\/elobservadorzonanorte.com.mx\/index.php?rest_route=%2Fwp%2Fv2%2Fmedia&parent=141417"}],"wp:term":[{"taxonomy":"category","embeddable":true,"href":"https:\/\/elobservadorzonanorte.com.mx\/index.php?rest_route=%2Fwp%2Fv2%2Fcategories&post=141417"},{"taxonomy":"post_tag","embeddable":true,"href":"https:\/\/elobservadorzonanorte.com.mx\/index.php?rest_route=%2Fwp%2Fv2%2Ftags&post=141417"}],"curies":[{"name":"wp","href":"https:\/\/api.w.org\/{rel}","templated":true}]}}