{"id":141410,"date":"2026-04-30T05:21:06","date_gmt":"2026-04-30T05:21:06","guid":{"rendered":"https:\/\/elobservadorzonanorte.com.mx\/?p=141410"},"modified":"2026-04-30T05:21:07","modified_gmt":"2026-04-30T05:21:07","slug":"celebramos-a-quienes-ensenan-con-el-corazon-y-transforman-el-mundo-desde-las-primeras-letras","status":"publish","type":"post","link":"https:\/\/elobservadorzonanorte.com.mx\/?p=141410","title":{"rendered":"Celebramos a quienes ense\u00f1an con el coraz\u00f3n y transforman el mundo desde las primeras letras"},"content":{"rendered":"<p><iframe loading=\"lazy\" src=\"https:\/\/www.facebook.com\/plugins\/video.php?height=476&#038;href=https%3A%2F%2Fwww.facebook.com%2Freel%2F2180297679415493%2F&#038;show_text=false&#038;width=357&#038;t=0\" width=\"357\" height=\"476\" style=\"border:none;overflow:hidden\" scrolling=\"no\" frameborder=\"0\" allowfullscreen=\"true\" allow=\"autoplay; clipboard-write; encrypted-media; picture-in-picture; web-share\" allowFullScreen=\"true\"><\/iframe><\/p>\n\n\n\n<p>En el festejo del D\u00eda de las Educadoras y Educadores del nivel federal, reconocemos su vocaci\u00f3n, entrega y compromiso por sembrar conocimiento, valores y esperanza en cada ni\u00f1a y ni\u00f1o. <img decoding=\"async\" height=\"16\" width=\"16\" alt=\"\ud83d\udc67\ud83c\udffd\" src=\"https:\/\/static.xx.fbcdn.net\/images\/emoji.php\/v9\/t4a\/1\/16\/1f467_1f3fd.png\"><img decoding=\"async\" height=\"16\" width=\"16\" alt=\"\ud83d\udc66\ud83c\udffb\" src=\"https:\/\/static.xx.fbcdn.net\/images\/emoji.php\/v9\/t87\/1\/16\/1f466_1f3fb.png\"><img decoding=\"async\" height=\"16\" width=\"16\" alt=\"\ud83d\udcda\" src=\"https:\/\/static.xx.fbcdn.net\/images\/emoji.php\/v9\/t49\/1\/16\/1f4da.png\"><\/p>\n\n\n\n<p>Gracias por ser gu\u00eda, inspiraci\u00f3n y ejemplo todos los d\u00edas. Su labor deja huellas que trascienden generaciones.<\/p>\n\n\n\n<p><a href=\"https:\/\/www.facebook.com\/alfredoramirezchiapas?__cft__[0]=AZYT-qZMfYWjpbNmok-eGaEjS7P83teSEOYJMht9rZwePGLN69tWhrdRcdYh95QkNIob8dMJSp4_719Fct19FKnz5QvSrHskDgtsFt67r-SowKZcZqL0u7nd9dAajURBj7_NSA973Dst7B90pYqjcO585ESz-Yd9sKxgKWBqLD_80qmLFrKEy1RSN1kurcTs-BY0Nso3B0qq415n-h9bDijj&amp;__tn__=-]K-R\" target=\"_blank\" rel=\"noopener\">Alfredo Ramirez<\/a><\/p>\n\n\n\n<p>Subsecretario de Educaci\u00f3n Federalizada<\/p>\n\n\n\n<p><a href=\"https:\/\/www.facebook.com\/watch\/hashtag\/d%C3%ADadelaseducadorasyeducadores\/?__cft__[0]=AZYT-qZMfYWjpbNmok-eGaEjS7P83teSEOYJMht9rZwePGLN69tWhrdRcdYh95QkNIob8dMJSp4_719Fct19FKnz5QvSrHskDgtsFt67r-SowKZcZqL0u7nd9dAajURBj7_NSA973Dst7B90pYqjcO585ESz-Yd9sKxgKWBqLD_80qmLFrKEy1RSN1kurcTs-BY0Nso3B0qq415n-h9bDijj&amp;__tn__=*NK-R\" target=\"_blank\" rel=\"noopener\">#D\u00edaDeLasEducadorasYEducadores<\/a><a href=\"https:\/\/www.facebook.com\/watch\/hashtag\/vocaci%C3%B3nqueinspira\/?__cft__[0]=AZYT-qZMfYWjpbNmok-eGaEjS7P83teSEOYJMht9rZwePGLN69tWhrdRcdYh95QkNIob8dMJSp4_719Fct19FKnz5QvSrHskDgtsFt67r-SowKZcZqL0u7nd9dAajURBj7_NSA973Dst7B90pYqjcO585ESz-Yd9sKxgKWBqLD_80qmLFrKEy1RSN1kurcTs-BY0Nso3B0qq415n-h9bDijj&amp;__tn__=*NK-R\" target=\"_blank\" rel=\"noopener\">#Vocaci\u00f3nQueInspira<\/a><a href=\"https:\/\/www.facebook.com\/watch\/hashtag\/educaci%C3%B3nconamor\/?__cft__[0]=AZYT-qZMfYWjpbNmok-eGaEjS7P83teSEOYJMht9rZwePGLN69tWhrdRcdYh95QkNIob8dMJSp4_719Fct19FKnz5QvSrHskDgtsFt67r-SowKZcZqL0u7nd9dAajURBj7_NSA973Dst7B90pYqjcO585ESz-Yd9sKxgKWBqLD_80qmLFrKEy1RSN1kurcTs-BY0Nso3B0qq415n-h9bDijj&amp;__tn__=*NK-R\" target=\"_blank\" rel=\"noopener\">#Educaci\u00f3nConAmor<\/a><\/p>\n\n\n\n<p><a href=\"https:\/\/www.facebook.com\/noelia.perezsuarez.1?__cft__[0]=AZYT-qZMfYWjpbNmok-eGaEjS7P83teSEOYJMht9rZwePGLN69tWhrdRcdYh95QkNIob8dMJSp4_719Fct19FKnz5QvSrHskDgtsFt67r-SowKZcZqL0u7nd9dAajURBj7_NSA973Dst7B90pYqjcO585ESz-Yd9sKxgKWBqLD_80qmLFrKEy1RSN1kurcTs-BY0Nso3B0qq415n-h9bDijj&amp;__tn__=-]K-R\" target=\"_blank\" rel=\"noopener\">Noelia<\/a><\/p>\n\n\n\n<figure class=\"wp-block-video\"><\/figure>\n","protected":false},"excerpt":{"rendered":"<p>En el festejo del D\u00eda de las Educadoras y Educadores del nivel federal, reconocemos su vocaci\u00f3n, entrega y compromiso por sembrar conocimiento, valores y esperanza en cada ni\u00f1a y ni\u00f1o. Gracias por ser gu\u00eda, inspiraci\u00f3n y ejemplo todos los d\u00edas. Su labor deja huellas que trascienden generaciones. Alfredo Ramirez Subsecretario de Educaci\u00f3n Federalizada #D\u00edaDeLasEducadorasYEducadores#Vocaci\u00f3nQueInspira#Educaci\u00f3nConAmor Noelia<\/p>\n","protected":false},"author":1,"featured_media":0,"comment_status":"closed","ping_status":"closed","sticky":false,"template":"","format":"standard","meta":{"footnotes":""},"categories":[1],"tags":[],"class_list":["post-141410","post","type-post","status-publish","format-standard","hentry","category-general"],"_links":{"self":[{"href":"https:\/\/elobservadorzonanorte.com.mx\/index.php?rest_route=\/wp\/v2\/posts\/141410","targetHints":{"allow":["GET"]}}],"collection":[{"href":"https:\/\/elobservadorzonanorte.com.mx\/index.php?rest_route=\/wp\/v2\/posts"}],"about":[{"href":"https:\/\/elobservadorzonanorte.com.mx\/index.php?rest_route=\/wp\/v2\/types\/post"}],"author":[{"embeddable":true,"href":"https:\/\/elobservadorzonanorte.com.mx\/index.php?rest_route=\/wp\/v2\/users\/1"}],"replies":[{"embeddable":true,"href":"https:\/\/elobservadorzonanorte.com.mx\/index.php?rest_route=%2Fwp%2Fv2%2Fcomments&post=141410"}],"version-history":[{"count":1,"href":"https:\/\/elobservadorzonanorte.com.mx\/index.php?rest_route=\/wp\/v2\/posts\/141410\/revisions"}],"predecessor-version":[{"id":141481,"href":"https:\/\/elobservadorzonanorte.com.mx\/index.php?rest_route=\/wp\/v2\/posts\/141410\/revisions\/141481"}],"wp:attachment":[{"href":"https:\/\/elobservadorzonanorte.com.mx\/index.php?rest_route=%2Fwp%2Fv2%2Fmedia&parent=141410"}],"wp:term":[{"taxonomy":"category","embeddable":true,"href":"https:\/\/elobservadorzonanorte.com.mx\/index.php?rest_route=%2Fwp%2Fv2%2Fcategories&post=141410"},{"taxonomy":"post_tag","embeddable":true,"href":"https:\/\/elobservadorzonanorte.com.mx\/index.php?rest_route=%2Fwp%2Fv2%2Ftags&post=141410"}],"curies":[{"name":"wp","href":"https:\/\/api.w.org\/{rel}","templated":true}]}}