{"id":141407,"date":"2026-04-30T05:21:31","date_gmt":"2026-04-30T05:21:31","guid":{"rendered":"https:\/\/elobservadorzonanorte.com.mx\/?p=141407"},"modified":"2026-04-30T05:21:32","modified_gmt":"2026-04-30T05:21:32","slug":"un-exito-tradicional-festejo-de-dia-del-nino-en-ixtacomitan","status":"publish","type":"post","link":"https:\/\/elobservadorzonanorte.com.mx\/?p=141407","title":{"rendered":"Un \u00e9xito Tradicional festejo de D\u00eda del Ni\u00f1o en Ixtacomit\u00e1n"},"content":{"rendered":"\n<figure class=\"wp-block-image size-full\"><img decoding=\"async\" width=\"332\" height=\"590\" src=\"https:\/\/elobservadorzonanorte.com.mx\/wp-content\/uploads\/2026\/04\/imagen-15-203.jpg\" alt=\"\" class=\"wp-image-141435\" srcset=\"https:\/\/elobservadorzonanorte.com.mx\/wp-content\/uploads\/2026\/04\/imagen-15-203.jpg 332w, https:\/\/elobservadorzonanorte.com.mx\/wp-content\/uploads\/2026\/04\/imagen-15-203-169x300.jpg 169w\" sizes=\"(max-width: 332px) 100vw, 332px\" \/><\/figure>\n\n\n\n<figure class=\"wp-block-image size-full\"><img decoding=\"async\" width=\"332\" height=\"590\" src=\"https:\/\/elobservadorzonanorte.com.mx\/wp-content\/uploads\/2026\/04\/imagen-15-204.jpg\" alt=\"\" class=\"wp-image-141436\" srcset=\"https:\/\/elobservadorzonanorte.com.mx\/wp-content\/uploads\/2026\/04\/imagen-15-204.jpg 332w, https:\/\/elobservadorzonanorte.com.mx\/wp-content\/uploads\/2026\/04\/imagen-15-204-169x300.jpg 169w\" sizes=\"(max-width: 332px) 100vw, 332px\" \/><\/figure>\n\n\n\n<figure class=\"wp-block-image size-full\"><img decoding=\"async\" width=\"590\" height=\"332\" src=\"https:\/\/elobservadorzonanorte.com.mx\/wp-content\/uploads\/2026\/04\/imagen-15-205.jpg\" alt=\"\" class=\"wp-image-141437\" srcset=\"https:\/\/elobservadorzonanorte.com.mx\/wp-content\/uploads\/2026\/04\/imagen-15-205.jpg 590w, https:\/\/elobservadorzonanorte.com.mx\/wp-content\/uploads\/2026\/04\/imagen-15-205-300x169.jpg 300w\" sizes=\"(max-width: 590px) 100vw, 590px\" \/><\/figure>\n\n\n\n<p>Autoridades locales encabezados por el edil <a href=\"https:\/\/www.facebook.com\/Miguelmorenopalacios?__cft__[0]=AZbv9q9YSVVggAelAqHk3j5-OhxLKS4280FjerDGg8rkBiz0Wab2Q10QcswZcHrc1Dz0ysmZ-y7qnfGVMCDeLN3heIHIG9kYN9UgfQL_qL0xs2bA3jQvCer4ryG7YujM3kkVQCvw89pQl3AgHEZzZRMkndihS7pFIoMLXnvLXdGSiSR0vPo4YjFzix_Pq5Vp2vI&amp;__tn__=-]K-R\" target=\"_blank\" rel=\"noopener\">Miguel Angel Moreno Palacios<\/a> y la presidenta honoraria del DIF <a href=\"https:\/\/www.facebook.com\/blanca.estrada.199249?__cft__[0]=AZbv9q9YSVVggAelAqHk3j5-OhxLKS4280FjerDGg8rkBiz0Wab2Q10QcswZcHrc1Dz0ysmZ-y7qnfGVMCDeLN3heIHIG9kYN9UgfQL_qL0xs2bA3jQvCer4ryG7YujM3kkVQCvw89pQl3AgHEZzZRMkndihS7pFIoMLXnvLXdGSiSR0vPo4YjFzix_Pq5Vp2vI&amp;__tn__=-]K-R\" target=\"_blank\" rel=\"noopener\">Blanca Estrada<\/a> festejaron a los reyes del hogar con un show de payasos y regalos.<\/p>\n\n\n\n<p>Durante su intervenci\u00f3n el edil, se\u00f1al\u00f3 que no solo se celebra un evento, sino que colecciona miles de sonrisas que nos llenan el coraz\u00f3n.<\/p>\n\n\n\n<p>\u00bb Ver la ilusi\u00f3n en los ojos de nuestros ni\u00f1os y ni\u00f1as la alegr\u00eda de las familias reunidas es lo que le da sentido a todo nuestro trabajo.<\/p>\n\n\n\n<p>Gracias a cada uno de ustedes por venir y hacer de este D\u00eda de las ni\u00f1as y los ni\u00f1os algo verdaderamente m\u00e1gico. \u00a1Nos llevamos estos recuerdos para siempre!\u00bb<\/p>\n\n\n\n<p>\u00a1Gracias por permitirnos ser parte de su alegr\u00eda!<\/p>\n\n\n\n<p>El evento ha terminado, pero nos quedamos con la satisfacci\u00f3n de haber festejado a los reyes del hogar como se merecen. Gracias a los pap\u00e1s por traer a sus peques y a todo el equipo que puso su esfuerzo para que este d\u00eda fuera inolvidable. Dios los bendiga, y bendiga al futuro de Ixtacomit\u00e1n \u00a1MUCHAS GRACIAS!<\/p>\n\n\n\n<p><a href=\"https:\/\/www.facebook.com\/hashtag\/unidadtrabajoytransformacion?__cft__[0]=AZbv9q9YSVVggAelAqHk3j5-OhxLKS4280FjerDGg8rkBiz0Wab2Q10QcswZcHrc1Dz0ysmZ-y7qnfGVMCDeLN3heIHIG9kYN9UgfQL_qL0xs2bA3jQvCer4ryG7YujM3kkVQCvw89pQl3AgHEZzZRMkndihS7pFIoMLXnvLXdGSiSR0vPo4YjFzix_Pq5Vp2vI&amp;__tn__=*NK-R\" target=\"_blank\" rel=\"noopener\">#UnidadTrabajoYTransformacion<\/a><\/p>\n\n\n\n<p><a href=\"https:\/\/www.facebook.com\/hashtag\/humanismoquetransforma?__cft__[0]=AZbv9q9YSVVggAelAqHk3j5-OhxLKS4280FjerDGg8rkBiz0Wab2Q10QcswZcHrc1Dz0ysmZ-y7qnfGVMCDeLN3heIHIG9kYN9UgfQL_qL0xs2bA3jQvCer4ryG7YujM3kkVQCvw89pQl3AgHEZzZRMkndihS7pFIoMLXnvLXdGSiSR0vPo4YjFzix_Pq5Vp2vI&amp;__tn__=*NK-R\" target=\"_blank\" rel=\"noopener\">#HumanismoQueTransforma<\/a><\/p>\n\n\n\n<p><a href=\"https:\/\/www.facebook.com\/hashtag\/nuevaera?__cft__[0]=AZbv9q9YSVVggAelAqHk3j5-OhxLKS4280FjerDGg8rkBiz0Wab2Q10QcswZcHrc1Dz0ysmZ-y7qnfGVMCDeLN3heIHIG9kYN9UgfQL_qL0xs2bA3jQvCer4ryG7YujM3kkVQCvw89pQl3AgHEZzZRMkndihS7pFIoMLXnvLXdGSiSR0vPo4YjFzix_Pq5Vp2vI&amp;__tn__=*NK-R\" target=\"_blank\" rel=\"noopener\">#NuevaEra<\/a><\/p>\n\n\n\n<p><a href=\"https:\/\/www.facebook.com\/hashtag\/ixtacomit%C3%A1n?__cft__[0]=AZbv9q9YSVVggAelAqHk3j5-OhxLKS4280FjerDGg8rkBiz0Wab2Q10QcswZcHrc1Dz0ysmZ-y7qnfGVMCDeLN3heIHIG9kYN9UgfQL_qL0xs2bA3jQvCer4ryG7YujM3kkVQCvw89pQl3AgHEZzZRMkndihS7pFIoMLXnvLXdGSiSR0vPo4YjFzix_Pq5Vp2vI&amp;__tn__=*NK-R\" target=\"_blank\" rel=\"noopener\">#Ixtacomit\u00e1n<\/a><\/p>\n","protected":false},"excerpt":{"rendered":"<p>Autoridades locales encabezados por el edil Miguel Angel Moreno Palacios y la presidenta honoraria del DIF Blanca Estrada festejaron a los reyes del hogar con un show de payasos y regalos. Durante su intervenci\u00f3n el edil, se\u00f1al\u00f3 que no solo se celebra un evento, sino que colecciona miles de sonrisas que nos llenan el coraz\u00f3n. [&hellip;]<\/p>\n","protected":false},"author":1,"featured_media":141437,"comment_status":"closed","ping_status":"closed","sticky":false,"template":"","format":"standard","meta":{"footnotes":""},"categories":[1],"tags":[],"class_list":["post-141407","post","type-post","status-publish","format-standard","has-post-thumbnail","hentry","category-general"],"_links":{"self":[{"href":"https:\/\/elobservadorzonanorte.com.mx\/index.php?rest_route=\/wp\/v2\/posts\/141407","targetHints":{"allow":["GET"]}}],"collection":[{"href":"https:\/\/elobservadorzonanorte.com.mx\/index.php?rest_route=\/wp\/v2\/posts"}],"about":[{"href":"https:\/\/elobservadorzonanorte.com.mx\/index.php?rest_route=\/wp\/v2\/types\/post"}],"author":[{"embeddable":true,"href":"https:\/\/elobservadorzonanorte.com.mx\/index.php?rest_route=\/wp\/v2\/users\/1"}],"replies":[{"embeddable":true,"href":"https:\/\/elobservadorzonanorte.com.mx\/index.php?rest_route=%2Fwp%2Fv2%2Fcomments&post=141407"}],"version-history":[{"count":1,"href":"https:\/\/elobservadorzonanorte.com.mx\/index.php?rest_route=\/wp\/v2\/posts\/141407\/revisions"}],"predecessor-version":[{"id":141484,"href":"https:\/\/elobservadorzonanorte.com.mx\/index.php?rest_route=\/wp\/v2\/posts\/141407\/revisions\/141484"}],"wp:featuredmedia":[{"embeddable":true,"href":"https:\/\/elobservadorzonanorte.com.mx\/index.php?rest_route=\/wp\/v2\/media\/141437"}],"wp:attachment":[{"href":"https:\/\/elobservadorzonanorte.com.mx\/index.php?rest_route=%2Fwp%2Fv2%2Fmedia&parent=141407"}],"wp:term":[{"taxonomy":"category","embeddable":true,"href":"https:\/\/elobservadorzonanorte.com.mx\/index.php?rest_route=%2Fwp%2Fv2%2Fcategories&post=141407"},{"taxonomy":"post_tag","embeddable":true,"href":"https:\/\/elobservadorzonanorte.com.mx\/index.php?rest_route=%2Fwp%2Fv2%2Ftags&post=141407"}],"curies":[{"name":"wp","href":"https:\/\/api.w.org\/{rel}","templated":true}]}}