{"id":141401,"date":"2026-04-30T05:20:50","date_gmt":"2026-04-30T05:20:50","guid":{"rendered":"https:\/\/elobservadorzonanorte.com.mx\/?p=141401"},"modified":"2026-04-30T05:20:51","modified_gmt":"2026-04-30T05:20:51","slug":"presidente-municipal-sostiene-reunion-de-trabajo-con-sindicato-y-comite-de-obras-para-fortalecer-el-desarrollo-de-la-rancheria-morelos-1ra-seccion","status":"publish","type":"post","link":"https:\/\/elobservadorzonanorte.com.mx\/?p=141401","title":{"rendered":"PRESIDENTE MUNICIPAL SOSTIENE REUNI\u00d3N DE TRABAJO CON SINDICATO Y COMIT\u00c9 DE OBRAS PARA FORTALECER EL DESARROLLO DE LA RANCHER\u00cdA MORELOS 1RA. SECCI\u00d3N"},"content":{"rendered":"\n<figure class=\"wp-block-image size-full\"><img decoding=\"async\" width=\"590\" height=\"393\" src=\"https:\/\/elobservadorzonanorte.com.mx\/wp-content\/uploads\/2026\/04\/imagen-15-198.jpg\" alt=\"\" class=\"wp-image-141429\" srcset=\"https:\/\/elobservadorzonanorte.com.mx\/wp-content\/uploads\/2026\/04\/imagen-15-198.jpg 590w, https:\/\/elobservadorzonanorte.com.mx\/wp-content\/uploads\/2026\/04\/imagen-15-198-300x200.jpg 300w\" sizes=\"(max-width: 590px) 100vw, 590px\" \/><\/figure>\n\n\n\n<figure class=\"wp-block-image size-full\"><img decoding=\"async\" width=\"590\" height=\"393\" src=\"https:\/\/elobservadorzonanorte.com.mx\/wp-content\/uploads\/2026\/04\/imagen-15-199.jpg\" alt=\"\" class=\"wp-image-141431\" srcset=\"https:\/\/elobservadorzonanorte.com.mx\/wp-content\/uploads\/2026\/04\/imagen-15-199.jpg 590w, https:\/\/elobservadorzonanorte.com.mx\/wp-content\/uploads\/2026\/04\/imagen-15-199-300x200.jpg 300w\" sizes=\"(max-width: 590px) 100vw, 590px\" \/><\/figure>\n\n\n\n<p>El presidente municipal Oscar Serra Cantoral sostuvo una reuni\u00f3n de trabajo con integrantes del Sindicato \u201cManuel Velasco Su\u00e1rez\u201d y el Comit\u00e9 de Obras de la Rancher\u00eda Morelos 1ra. Secci\u00f3n, con el prop\u00f3sito de dialogar y dar seguimiento a las obras que se estar\u00e1n realizando en beneficio de esta comunidad.<\/p>\n\n\n\n<p>Durante el encuentro, se analizaron los proyectos de infraestructura programados, as\u00ed como los mecanismos de coordinaci\u00f3n necesarios para garantizar que las acciones se desarrollen de manera ordenada, eficiente y conforme a las necesidades prioritarias de la poblaci\u00f3n.<\/p>\n\n\n\n<p>El presidente municipal reiter\u00f3 su compromiso de trabajar de la mano con los diferentes sectores sociales y organizaciones, escuchando sus planteamientos y fortaleciendo la participaci\u00f3n ciudadana en la toma de decisiones relacionadas con el desarrollo comunitario.<\/p>\n\n\n\n<p>Con estas acciones, el Gobierno Municipal reafirma su disposici\u00f3n de mantener un di\u00e1logo permanente con la ciudadan\u00eda y sus representantes, impulsando obras que contribuyan al bienestar social y al progreso de las comunidades del municipio.<\/p>\n\n\n\n<p><a href=\"https:\/\/www.facebook.com\/hashtag\/siemprecontigo?__cft__[0]=AZahrkvWT1llDfTRJ-pJCR1SxAXOnKZ16xqC1-VaUeoSNgRkaED53AoB4ESJ-GJravwNwt4VPQcwpnfpXvDJzmCvGCj_3t2VTo1Csi1mab-gVuIUCVAV3EWtoedRLx2bb-NFP3tRW8lTsja8lScLpaDBDq7Gy94As7xsdj1wMygIMnGcldzV6ER58GTHtBB6R24&amp;__tn__=*NK-R\" target=\"_blank\" rel=\"noopener\">#SiempreContigo<\/a><\/p>\n\n\n\n<p><a href=\"https:\/\/www.facebook.com\/hashtag\/sigamoshaciendolojuntos?__cft__[0]=AZahrkvWT1llDfTRJ-pJCR1SxAXOnKZ16xqC1-VaUeoSNgRkaED53AoB4ESJ-GJravwNwt4VPQcwpnfpXvDJzmCvGCj_3t2VTo1Csi1mab-gVuIUCVAV3EWtoedRLx2bb-NFP3tRW8lTsja8lScLpaDBDq7Gy94As7xsdj1wMygIMnGcldzV6ER58GTHtBB6R24&amp;__tn__=*NK-R\" target=\"_blank\" rel=\"noopener\">#SigamosHaciendoloJuntos<\/a><\/p>\n\n\n\n<p><a href=\"https:\/\/www.facebook.com\/hashtag\/humanismoquetransforma?__cft__[0]=AZahrkvWT1llDfTRJ-pJCR1SxAXOnKZ16xqC1-VaUeoSNgRkaED53AoB4ESJ-GJravwNwt4VPQcwpnfpXvDJzmCvGCj_3t2VTo1Csi1mab-gVuIUCVAV3EWtoedRLx2bb-NFP3tRW8lTsja8lScLpaDBDq7Gy94As7xsdj1wMygIMnGcldzV6ER58GTHtBB6R24&amp;__tn__=*NK-R\" target=\"_blank\" rel=\"noopener\">#HumanismoQueTransforma<\/a><\/p>\n","protected":false},"excerpt":{"rendered":"<p>El presidente municipal Oscar Serra Cantoral sostuvo una reuni\u00f3n de trabajo con integrantes del Sindicato \u201cManuel Velasco Su\u00e1rez\u201d y el Comit\u00e9 de Obras de la Rancher\u00eda Morelos 1ra. Secci\u00f3n, con el prop\u00f3sito de dialogar y dar seguimiento a las obras que se estar\u00e1n realizando en beneficio de esta comunidad. Durante el encuentro, se analizaron los [&hellip;]<\/p>\n","protected":false},"author":1,"featured_media":141431,"comment_status":"closed","ping_status":"closed","sticky":false,"template":"","format":"standard","meta":{"footnotes":""},"categories":[1],"tags":[],"class_list":["post-141401","post","type-post","status-publish","format-standard","has-post-thumbnail","hentry","category-general"],"_links":{"self":[{"href":"https:\/\/elobservadorzonanorte.com.mx\/index.php?rest_route=\/wp\/v2\/posts\/141401","targetHints":{"allow":["GET"]}}],"collection":[{"href":"https:\/\/elobservadorzonanorte.com.mx\/index.php?rest_route=\/wp\/v2\/posts"}],"about":[{"href":"https:\/\/elobservadorzonanorte.com.mx\/index.php?rest_route=\/wp\/v2\/types\/post"}],"author":[{"embeddable":true,"href":"https:\/\/elobservadorzonanorte.com.mx\/index.php?rest_route=\/wp\/v2\/users\/1"}],"replies":[{"embeddable":true,"href":"https:\/\/elobservadorzonanorte.com.mx\/index.php?rest_route=%2Fwp%2Fv2%2Fcomments&post=141401"}],"version-history":[{"count":1,"href":"https:\/\/elobservadorzonanorte.com.mx\/index.php?rest_route=\/wp\/v2\/posts\/141401\/revisions"}],"predecessor-version":[{"id":141477,"href":"https:\/\/elobservadorzonanorte.com.mx\/index.php?rest_route=\/wp\/v2\/posts\/141401\/revisions\/141477"}],"wp:featuredmedia":[{"embeddable":true,"href":"https:\/\/elobservadorzonanorte.com.mx\/index.php?rest_route=\/wp\/v2\/media\/141431"}],"wp:attachment":[{"href":"https:\/\/elobservadorzonanorte.com.mx\/index.php?rest_route=%2Fwp%2Fv2%2Fmedia&parent=141401"}],"wp:term":[{"taxonomy":"category","embeddable":true,"href":"https:\/\/elobservadorzonanorte.com.mx\/index.php?rest_route=%2Fwp%2Fv2%2Fcategories&post=141401"},{"taxonomy":"post_tag","embeddable":true,"href":"https:\/\/elobservadorzonanorte.com.mx\/index.php?rest_route=%2Fwp%2Fv2%2Ftags&post=141401"}],"curies":[{"name":"wp","href":"https:\/\/api.w.org\/{rel}","templated":true}]}}