{"id":141400,"date":"2026-04-30T05:20:17","date_gmt":"2026-04-30T05:20:17","guid":{"rendered":"https:\/\/elobservadorzonanorte.com.mx\/?p=141400"},"modified":"2026-04-30T05:20:19","modified_gmt":"2026-04-30T05:20:19","slug":"taxis-gratis-para-el-dia-del-nino-y-la-nina","status":"publish","type":"post","link":"https:\/\/elobservadorzonanorte.com.mx\/?p=141400","title":{"rendered":"\u00a1Taxis Gratis para el D\u00eda del Ni\u00f1o y la Ni\u00f1a!"},"content":{"rendered":"\n<figure class=\"wp-block-image size-large\"><img decoding=\"async\" width=\"400\" height=\"600\" src=\"https:\/\/elobservadorzonanorte.com.mx\/wp-content\/uploads\/2026\/04\/imagen-15-197-400x600.jpg\" alt=\"\" class=\"wp-image-141430\" srcset=\"https:\/\/elobservadorzonanorte.com.mx\/wp-content\/uploads\/2026\/04\/imagen-15-197-400x600.jpg 400w, https:\/\/elobservadorzonanorte.com.mx\/wp-content\/uploads\/2026\/04\/imagen-15-197-200x300.jpg 200w, https:\/\/elobservadorzonanorte.com.mx\/wp-content\/uploads\/2026\/04\/imagen-15-197.jpg 526w\" sizes=\"(max-width: 400px) 100vw, 400px\" \/><\/figure>\n\n\n\n<p>El Gobierno Municipal de Pichucalco, que preside el Mtro. Andr\u00e9s Carballo C\u00f3rdova y el DIF Municipal Pichucalco que lidera la Lic. Ana Karen Castillo Bibiloni ponen a disposici\u00f3n taxis completamente gratuitos para que todos los ni\u00f1os puedan llegar al lugar donde se celebrar\u00e1 el D\u00eda del Ni\u00f1o y la Ni\u00f1a.<\/p>\n\n\n\n<p><img decoding=\"async\" height=\"16\" width=\"16\" alt=\"\ud83d\udccd\" src=\"https:\/\/static.xx.fbcdn.net\/images\/emoji.php\/v9\/t2d\/1\/16\/1f4cd.png\"> Puntos de salida:<\/p>\n\n\n\n<p>Col. Centro \u2013 Frente al Palacio Municipal<\/p>\n\n\n\n<p>Col. Napana \u2013 Frente a la UNACH<\/p>\n\n\n\n<p>Col. Mirador \u2013 Frente al Casino<\/p>\n\n\n\n<p>Col. Jorge Camacho Vidal \u2013 Frente a la Escuela Primaria Joaqu\u00edn Miguel Guti\u00e9rrez Canales<\/p>\n\n\n\n<p><img decoding=\"async\" height=\"16\" width=\"16\" alt=\"\ud83d\udd53\" src=\"https:\/\/static.xx.fbcdn.net\/images\/emoji.php\/v9\/t2b\/1\/16\/1f553.png\"> Los taxis de la COTECH estar\u00e1n disponibles desde las 3:30 PM, llevando a los ni\u00f1os directamente al Parque de Feria, donde los espera una tarde m\u00e1gica con juegos, regalos, inflables y mucha diversi\u00f3n.<\/p>\n\n\n\n<p><img decoding=\"async\" height=\"16\" width=\"16\" alt=\"\ud83d\udc96\" src=\"https:\/\/static.xx.fbcdn.net\/images\/emoji.php\/v9\/te9\/1\/16\/1f496.png\"> \u00a1Aprovecha este servicio gratuito y acomp\u00e1\u00f1anos a celebrar la alegr\u00eda de nuestros ni\u00f1os y ni\u00f1as!<\/p>\n","protected":false},"excerpt":{"rendered":"<p>El Gobierno Municipal de Pichucalco, que preside el Mtro. Andr\u00e9s Carballo C\u00f3rdova y el DIF Municipal Pichucalco que lidera la Lic. Ana Karen Castillo Bibiloni ponen a disposici\u00f3n taxis completamente gratuitos para que todos los ni\u00f1os puedan llegar al lugar donde se celebrar\u00e1 el D\u00eda del Ni\u00f1o y la Ni\u00f1a. Puntos de salida: Col. Centro [&hellip;]<\/p>\n","protected":false},"author":1,"featured_media":141430,"comment_status":"closed","ping_status":"closed","sticky":false,"template":"","format":"standard","meta":{"footnotes":""},"categories":[1],"tags":[],"class_list":["post-141400","post","type-post","status-publish","format-standard","has-post-thumbnail","hentry","category-general"],"_links":{"self":[{"href":"https:\/\/elobservadorzonanorte.com.mx\/index.php?rest_route=\/wp\/v2\/posts\/141400","targetHints":{"allow":["GET"]}}],"collection":[{"href":"https:\/\/elobservadorzonanorte.com.mx\/index.php?rest_route=\/wp\/v2\/posts"}],"about":[{"href":"https:\/\/elobservadorzonanorte.com.mx\/index.php?rest_route=\/wp\/v2\/types\/post"}],"author":[{"embeddable":true,"href":"https:\/\/elobservadorzonanorte.com.mx\/index.php?rest_route=\/wp\/v2\/users\/1"}],"replies":[{"embeddable":true,"href":"https:\/\/elobservadorzonanorte.com.mx\/index.php?rest_route=%2Fwp%2Fv2%2Fcomments&post=141400"}],"version-history":[{"count":1,"href":"https:\/\/elobservadorzonanorte.com.mx\/index.php?rest_route=\/wp\/v2\/posts\/141400\/revisions"}],"predecessor-version":[{"id":141476,"href":"https:\/\/elobservadorzonanorte.com.mx\/index.php?rest_route=\/wp\/v2\/posts\/141400\/revisions\/141476"}],"wp:featuredmedia":[{"embeddable":true,"href":"https:\/\/elobservadorzonanorte.com.mx\/index.php?rest_route=\/wp\/v2\/media\/141430"}],"wp:attachment":[{"href":"https:\/\/elobservadorzonanorte.com.mx\/index.php?rest_route=%2Fwp%2Fv2%2Fmedia&parent=141400"}],"wp:term":[{"taxonomy":"category","embeddable":true,"href":"https:\/\/elobservadorzonanorte.com.mx\/index.php?rest_route=%2Fwp%2Fv2%2Fcategories&post=141400"},{"taxonomy":"post_tag","embeddable":true,"href":"https:\/\/elobservadorzonanorte.com.mx\/index.php?rest_route=%2Fwp%2Fv2%2Ftags&post=141400"}],"curies":[{"name":"wp","href":"https:\/\/api.w.org\/{rel}","templated":true}]}}