{"id":141306,"date":"2026-04-29T04:24:23","date_gmt":"2026-04-29T04:24:23","guid":{"rendered":"https:\/\/elobservadorzonanorte.com.mx\/?p=141306"},"modified":"2026-04-29T04:24:24","modified_gmt":"2026-04-29T04:24:24","slug":"eduardo-ramirez-reafirma-compromiso-con-la-educacion-y-el-bienestar-de-las-juventudes-2","status":"publish","type":"post","link":"https:\/\/elobservadorzonanorte.com.mx\/?p=141306","title":{"rendered":"*Eduardo Ram\u00edrez reafirma compromiso con la educaci\u00f3n y el bienestar de las juventudes*"},"content":{"rendered":"<p><iframe loading=\"lazy\" src=\"https:\/\/www.facebook.com\/plugins\/video.php?height=476&#038;href=https%3A%2F%2Fwww.facebook.com%2Freel%2F967687612337556%2F&#038;show_text=false&#038;width=267&#038;t=0\" width=\"267\" height=\"476\" style=\"border:none;overflow:hidden\" scrolling=\"no\" frameborder=\"0\" allowfullscreen=\"true\" allow=\"autoplay; clipboard-write; encrypted-media; picture-in-picture; web-share\" allowFullScreen=\"true\"><\/iframe><\/p>\n\n\n\n<p>El gobernador Eduardo Ram\u00edrez Aguilar, acompa\u00f1ado del secretario del Humanismo, Paco Chac\u00f3n, realiz\u00f3 la entrega de tel\u00e9fonos celulares del programa Conecta Chiapas a estudiantes del Colegio de Bachilleres de Chiapas, Plantel 01, en Tuxtla Guti\u00e9rrez, donde destac\u00f3 que esta herramienta tecnol\u00f3gica les facilitar\u00e1 sus actividades escolares y les permitir\u00e1 mantenerse comunicados con sus familiares; en ese sentido, exhort\u00f3 a hacer uso responsable de los dispositivos.<\/p>\n\n\n\n<p>El mandatario reafirm\u00f3 su compromiso con la educaci\u00f3n y bienestar de las juventudes, por lo que asegur\u00f3 que su administraci\u00f3n impulsa el fortalecimiento de la infraestructura educativa en los distintos planteles de este subsistema educativo. A\u00f1adi\u00f3 que trabaja de manera coordinada con las autoridades educativas para garantizar entornos seguros y libres de violencia para ni\u00f1as, ni\u00f1os, adolescentes y j\u00f3venes.<\/p>\n\n\n\n<figure class=\"wp-block-video\"><\/figure>\n","protected":false},"excerpt":{"rendered":"<p>El gobernador Eduardo Ram\u00edrez Aguilar, acompa\u00f1ado del secretario del Humanismo, Paco Chac\u00f3n, realiz\u00f3 la entrega de tel\u00e9fonos celulares del programa Conecta Chiapas a estudiantes del Colegio de Bachilleres de Chiapas, Plantel 01, en Tuxtla Guti\u00e9rrez, donde destac\u00f3 que esta herramienta tecnol\u00f3gica les facilitar\u00e1 sus actividades escolares y les permitir\u00e1 mantenerse comunicados con sus familiares; en [&hellip;]<\/p>\n","protected":false},"author":1,"featured_media":0,"comment_status":"closed","ping_status":"closed","sticky":false,"template":"","format":"standard","meta":{"footnotes":""},"categories":[1],"tags":[],"class_list":["post-141306","post","type-post","status-publish","format-standard","hentry","category-general"],"_links":{"self":[{"href":"https:\/\/elobservadorzonanorte.com.mx\/index.php?rest_route=\/wp\/v2\/posts\/141306","targetHints":{"allow":["GET"]}}],"collection":[{"href":"https:\/\/elobservadorzonanorte.com.mx\/index.php?rest_route=\/wp\/v2\/posts"}],"about":[{"href":"https:\/\/elobservadorzonanorte.com.mx\/index.php?rest_route=\/wp\/v2\/types\/post"}],"author":[{"embeddable":true,"href":"https:\/\/elobservadorzonanorte.com.mx\/index.php?rest_route=\/wp\/v2\/users\/1"}],"replies":[{"embeddable":true,"href":"https:\/\/elobservadorzonanorte.com.mx\/index.php?rest_route=%2Fwp%2Fv2%2Fcomments&post=141306"}],"version-history":[{"count":1,"href":"https:\/\/elobservadorzonanorte.com.mx\/index.php?rest_route=\/wp\/v2\/posts\/141306\/revisions"}],"predecessor-version":[{"id":141395,"href":"https:\/\/elobservadorzonanorte.com.mx\/index.php?rest_route=\/wp\/v2\/posts\/141306\/revisions\/141395"}],"wp:attachment":[{"href":"https:\/\/elobservadorzonanorte.com.mx\/index.php?rest_route=%2Fwp%2Fv2%2Fmedia&parent=141306"}],"wp:term":[{"taxonomy":"category","embeddable":true,"href":"https:\/\/elobservadorzonanorte.com.mx\/index.php?rest_route=%2Fwp%2Fv2%2Fcategories&post=141306"},{"taxonomy":"post_tag","embeddable":true,"href":"https:\/\/elobservadorzonanorte.com.mx\/index.php?rest_route=%2Fwp%2Fv2%2Ftags&post=141306"}],"curies":[{"name":"wp","href":"https:\/\/api.w.org\/{rel}","templated":true}]}}