{"id":141304,"date":"2026-04-29T04:24:15","date_gmt":"2026-04-29T04:24:15","guid":{"rendered":"https:\/\/elobservadorzonanorte.com.mx\/?p=141304"},"modified":"2026-04-29T04:24:16","modified_gmt":"2026-04-29T04:24:16","slug":"conmemoran-el-dia-internacional-de-los-jardines-botanicos-en-chiapas","status":"publish","type":"post","link":"https:\/\/elobservadorzonanorte.com.mx\/?p=141304","title":{"rendered":"*Conmemoran el D\u00eda Internacional de los Jardines Bot\u00e1nicos en Chiapas*"},"content":{"rendered":"\n<figure class=\"wp-block-image size-full\"><img decoding=\"async\" width=\"590\" height=\"393\" src=\"https:\/\/elobservadorzonanorte.com.mx\/wp-content\/uploads\/2026\/04\/imagen-15-188.jpg\" alt=\"\" class=\"wp-image-141344\" srcset=\"https:\/\/elobservadorzonanorte.com.mx\/wp-content\/uploads\/2026\/04\/imagen-15-188.jpg 590w, https:\/\/elobservadorzonanorte.com.mx\/wp-content\/uploads\/2026\/04\/imagen-15-188-300x200.jpg 300w\" sizes=\"(max-width: 590px) 100vw, 590px\" \/><\/figure>\n\n\n\n<figure class=\"wp-block-image size-full\"><img decoding=\"async\" width=\"590\" height=\"394\" src=\"https:\/\/elobservadorzonanorte.com.mx\/wp-content\/uploads\/2026\/04\/imagen-15-189.jpg\" alt=\"\" class=\"wp-image-141345\" srcset=\"https:\/\/elobservadorzonanorte.com.mx\/wp-content\/uploads\/2026\/04\/imagen-15-189.jpg 590w, https:\/\/elobservadorzonanorte.com.mx\/wp-content\/uploads\/2026\/04\/imagen-15-189-300x200.jpg 300w\" sizes=\"(max-width: 590px) 100vw, 590px\" \/><\/figure>\n\n\n\n<p>&#8211; Destacan al Jard\u00edn Bot\u00e1nico \u201cDr. Faustino Miranda\u201d, como referente de conservaci\u00f3n y educaci\u00f3n ambiental<\/p>\n\n\n\n<p>&#8211; Francisco Orantes Ramos, director del Jard\u00edn Bot\u00e1nico, dio a conocer las acciones que se realizan en este recinto<\/p>\n\n\n\n<p>En un entorno rodeado por la riqueza vegetal de Chiapas, se llev\u00f3 a cabo la conmemoraci\u00f3n del D\u00eda Internacional de los Jardines Bot\u00e1nicos, a la que se sum\u00f3 el Jard\u00edn Bot\u00e1nico \u201cDr. Faustino Miranda\u201d, ubicado en Tuxtla Guti\u00e9rrez. Este espacio, fundado en 1949, se ha consolidado como un referente en la conservaci\u00f3n de la flora regional y rinde homenaje al destacado bot\u00e1nico Faustino Miranda, pionero en el estudio de la vegetaci\u00f3n del sureste de M\u00e9xico.<\/p>\n\n\n\n<p>En ese marco, la secretaria de Medio Ambiente e Historia Natural, Magdalena Torres Abarca, destac\u00f3 la relevancia de reconocer la labor del Jard\u00edn Bot\u00e1nico \u201cDr. Faustino Miranda\u201d y del Orquidiario del Jard\u00edn Bot\u00e1nico de Comit\u00e1n, al considerarlos no solo espacios de belleza y recreaci\u00f3n, sino centros de conservaci\u00f3n, investigaci\u00f3n y educaci\u00f3n ambiental. Subray\u00f3 que en estos lugares se protege la diversidad vegetal nativa, desde el resguardo de especies en riesgo hasta la generaci\u00f3n de conocimiento frente a desaf\u00edos como el cambio clim\u00e1tico y la p\u00e9rdida de biodiversidad.<\/p>\n\n\n\n<p>Dio a conocer que en esta Nueva ERA se impulsa una inversi\u00f3n significativa en materia ambiental, as\u00ed como iniciativas innovadoras como la rehabilitaci\u00f3n del Parque A\u00e9reo en el Jard\u00edn Bot\u00e1nico, un recorrido elevado de aproximadamente 75 metros que permite a visitantes adentrarse en este entorno natural y comprender, de manera directa, la complejidad de los ecosistemas. En ese sentido, convoc\u00f3 a reflexionar sobre la importancia de proteger y difundir la flora en el estado.<\/p>\n\n\n\n<p>\u201cCada planta conservada, cada semilla resguardada y cada visitante sensibilizado representa un paso hacia un futuro m\u00e1s sostenible. Que este d\u00eda nos convoque a cada una y a cada uno de nosotros a ser guardianes ambientales y a proteger, valorar y aprender de la naturaleza\u201d, expres\u00f3, al refrendar su compromiso de continuar impulsando acciones que fortalezcan la conservaci\u00f3n de la biodiversidad en Chiapas.<\/p>\n\n\n\n<p>Por su parte, el director del Jard\u00edn Bot\u00e1nico \u201cDr. Faustino Miranda\u201d, Francisco Orantes Ramos, se\u00f1al\u00f3 que este espacio se ha consolidado como un referente en los \u00e1mbitos tur\u00edstico, educativo y ambiental, gracias al trabajo coordinado de su equipo. Inform\u00f3 que se impulsar\u00e1n proyectos conjuntos con el Jard\u00edn Bot\u00e1nico de la UNAM, entre ellos la rehabilitaci\u00f3n del invernadero tropical dedicado al doctor Faustino Miranda en la Ciudad de M\u00e9xico.<\/p>\n\n\n\n<p>Asimismo, explic\u00f3 que se avanza en acciones orientadas a fortalecer la herbolaria tradicional, con el prop\u00f3sito de que las comunidades de Chiapas posicionen y comercialicen sus productos a nivel nacional e internacional. A\u00f1adi\u00f3 que tambi\u00e9n se trabaja en la conservaci\u00f3n de plantas nativas, as\u00ed como en la rehabilitaci\u00f3n del Orquidiario, la Casa del \u00c1rbol y otros espacios dentro del Jard\u00edn Bot\u00e1nico, iniciativas que contribuir\u00e1n de manera significativa al fortalecimiento de este recinto.<\/p>\n\n\n\n<p>Al evento asistieron la subsecretaria de Desarrollo Forestal y Jardines Bot\u00e1nicos, Ysolina Su\u00e1rez Lacroix; el subsecretario de Medio Ambiente y Cambio Clim\u00e1tico, Jorge Constantino Kanter; el director del Museo Regional de Chiapas, Andr\u00e9s Brizuela Casimir; la directora de Proyectos Creativos Juveniles del Instituto de la Juventud del Estado de Chiapas, Geraldine Barreiro Moreno; adem\u00e1s de personal del Jard\u00edn Bot\u00e1nico, as\u00ed como estudiantes y docentes de la Escuela Primaria Fray Mat\u00edas de C\u00f3rdova.<\/p>\n","protected":false},"excerpt":{"rendered":"<p>&#8211; Destacan al Jard\u00edn Bot\u00e1nico \u201cDr. Faustino Miranda\u201d, como referente de conservaci\u00f3n y educaci\u00f3n ambiental &#8211; Francisco Orantes Ramos, director del Jard\u00edn Bot\u00e1nico, dio a conocer las acciones que se realizan en este recinto En un entorno rodeado por la riqueza vegetal de Chiapas, se llev\u00f3 a cabo la conmemoraci\u00f3n del D\u00eda Internacional de los [&hellip;]<\/p>\n","protected":false},"author":1,"featured_media":141345,"comment_status":"closed","ping_status":"closed","sticky":false,"template":"","format":"standard","meta":{"footnotes":""},"categories":[1],"tags":[],"class_list":["post-141304","post","type-post","status-publish","format-standard","has-post-thumbnail","hentry","category-general"],"_links":{"self":[{"href":"https:\/\/elobservadorzonanorte.com.mx\/index.php?rest_route=\/wp\/v2\/posts\/141304","targetHints":{"allow":["GET"]}}],"collection":[{"href":"https:\/\/elobservadorzonanorte.com.mx\/index.php?rest_route=\/wp\/v2\/posts"}],"about":[{"href":"https:\/\/elobservadorzonanorte.com.mx\/index.php?rest_route=\/wp\/v2\/types\/post"}],"author":[{"embeddable":true,"href":"https:\/\/elobservadorzonanorte.com.mx\/index.php?rest_route=\/wp\/v2\/users\/1"}],"replies":[{"embeddable":true,"href":"https:\/\/elobservadorzonanorte.com.mx\/index.php?rest_route=%2Fwp%2Fv2%2Fcomments&post=141304"}],"version-history":[{"count":1,"href":"https:\/\/elobservadorzonanorte.com.mx\/index.php?rest_route=\/wp\/v2\/posts\/141304\/revisions"}],"predecessor-version":[{"id":141393,"href":"https:\/\/elobservadorzonanorte.com.mx\/index.php?rest_route=\/wp\/v2\/posts\/141304\/revisions\/141393"}],"wp:featuredmedia":[{"embeddable":true,"href":"https:\/\/elobservadorzonanorte.com.mx\/index.php?rest_route=\/wp\/v2\/media\/141345"}],"wp:attachment":[{"href":"https:\/\/elobservadorzonanorte.com.mx\/index.php?rest_route=%2Fwp%2Fv2%2Fmedia&parent=141304"}],"wp:term":[{"taxonomy":"category","embeddable":true,"href":"https:\/\/elobservadorzonanorte.com.mx\/index.php?rest_route=%2Fwp%2Fv2%2Fcategories&post=141304"},{"taxonomy":"post_tag","embeddable":true,"href":"https:\/\/elobservadorzonanorte.com.mx\/index.php?rest_route=%2Fwp%2Fv2%2Ftags&post=141304"}],"curies":[{"name":"wp","href":"https:\/\/api.w.org\/{rel}","templated":true}]}}